{"id":8743,"date":"2023-11-22T13:07:11","date_gmt":"2023-11-22T13:07:11","guid":{"rendered":"https:\/\/www.cft-group.com\/ama-time-cft-linea-de-procesado-para-fruta-ecologica\/"},"modified":"2025-12-15T15:19:01","modified_gmt":"2025-12-15T15:19:01","slug":"ama-time-cft-linea-de-procesado-para-fruta-ecologica","status":"publish","type":"post","link":"https:\/\/www.cft-group.com\/es\/ama-time-cft-linea-de-procesado-para-fruta-ecologica\/","title":{"rendered":"AMA TIME &amp; CFT: l\u00ednea de procesado para fruta ecol\u00f3gica"},"content":{"rendered":"\r\n<p class=\"has-black-color has-text-color\"><a href=\"https:\/\/www.amatime.com\/\" target=\"_blank\" rel=\"noreferrer noopener\"><strong>Ama Time<\/strong><\/a> icono de la excelencia en el procesado de fruta ecol\u00f3gica, nos ha elegido como socio de confianza para el suministro de maquinaria de \u00faltima generaci\u00f3n para la elaboraci\u00f3 de pur\u00e9s y zumos de fruta. En el transcurso de esta fruct\u00edfera colaboraci\u00f3n, compartimos una historia de \u00e9xito que pone de relieve c\u00f3mo la dedicaci\u00f3n, la innovaci\u00f3n, la calidad y un gran respeto por el medio ambiente y la biodiversidad se entrelazan para crear una producci\u00f3n de alimentos en estado puro.<\/p>\r\n\r\n\r\n\r\n<h2 id=\"h-cft-amp-ama-time-un-progetto-per-lavorare-la-frutta-biologica\" class=\"wp-block-heading\">CFT &amp; AMA TIME: un proyecto para procesar fruta ecol\u00f3gica<\/h2>\r\n\r\n\r\n\r\n<p class=\"has-black-color has-text-color\">La relaci\u00f3n entre CFT y Ama Time comenz\u00f3 en 2013, cuando se fund\u00f3 la empresa chilena.<\/p>\r\n\r\n\r\n\r\n<p class=\"has-black-color has-text-color\">El objetivo de la empresa era a\u00f1adir valor a la fruta ecol\u00f3gica creando productos sostenibles y de alta calidad que celebrasen la pureza y la bondad de la naturaleza.<\/p>\r\n\r\n\r\n\r\n<p class=\"has-black-color has-text-color\">El primer proyecto en el que participamos consisti\u00f3 en la construcci\u00f3n de una l\u00ednea de producci\u00f3n de pur\u00e9 natural (Single Strength) a partir de 6 t\/h de fruta en entrada y una l\u00ednea de preparaci\u00f3n para conservas de fruta a partir de 500 kg\/h de producto final.<\/p>\r\n\r\n\r\n\r\n<div class=\"wp-block-columns is-layout-flex wp-container-core-columns-is-layout-9d6595d7 wp-block-columns-is-layout-flex\">\r\n<div class=\"wp-block-column is-layout-flow wp-block-column-is-layout-flow\">\r\n<figure class=\"wp-block-image size-large\"><img decoding=\"async\" class=\"wp-image-45746\" src=\"https:\/\/www.cft-group.com\/wp-content\/uploads\/sites\/61\/2024\/02\/Sito.jpg?w=1024\" alt=\"\" \/><\/figure>\r\n<\/div>\r\n\r\n\r\n\r\n<div class=\"wp-block-column is-layout-flow wp-block-column-is-layout-flow\">\r\n<figure class=\"wp-block-image size-large\"><img decoding=\"async\" class=\"wp-image-45752\" src=\"https:\/\/www.cft-group.com\/wp-content\/uploads\/sites\/61\/2024\/02\/Sito-2.jpg?w=1024\" alt=\"\" \/><\/figure>\r\n<\/div>\r\n<\/div>\r\n\r\n\r\n\r\n<h2 id=\"h-la-soluzione-tecnologica-fornita-da-cft\" class=\"wp-block-heading\">LA SOLUCI\u00d3N TECNOL\u00d3GICA DE CFT<\/h2>\r\n\r\n\r\n\r\n<p>Entre las principales tecnolog\u00edas puestas a disposici\u00f3n del cliente para la realizaci\u00f3n de las dos l\u00edneas podemos citar:<\/p>\r\n\r\n\r\n\r\n<h3 id=\"h-linea-di-produzione-per-purea-di-frutta-in-asettico\" class=\"wp-block-heading\">L\u00ednea de producci\u00f3n as\u00e9ptica de pur\u00e9 de frutas<\/h3>\r\n\r\n\r\n\r\n<ul class=\"wp-block-list\">\r\n<li><strong><a href=\"https:\/\/www.cft-group.com\/es\/technology\/inactivadores-enzimaticos\/#zenith-chrono\" target=\"_blank\" rel=\"noreferrer noopener\">Zenith Chrono<\/a><\/strong> un sistema de extracci\u00f3n e inactivaci\u00f3n enzim\u00e1tica anaer\u00f3bica y ultrarr\u00e1pida patentado por nosotros;<\/li>\r\n\r\n\r\n\r\n<li><strong><a href=\"https:\/\/www.cft-group.com\/es\/technology\/esterilizadores-y-pasteurizadores\/#olimpic-cube\" target=\"_blank\" rel=\"noreferrer noopener\">OLIMPIC CUBE TC-M\/ASD<\/a>, <\/strong>esterilizador para productos destinados al envasado as\u00e9ptico;<\/li>\r\n\r\n\r\n\r\n<li><strong><a href=\"https:\/\/www.cft-group.com\/es\/technology\/llenadoras-asepticas\/#macropak-af\" target=\"_blank\" rel=\"noreferrer noopener\">Macropak AF\/1<\/a>, <\/strong>llenadora as\u00e9ptica monocabezal.<\/li>\r\n<\/ul>\r\n\r\n\r\n\r\n<h3 id=\"h-linea-di-preparazione-per-composte-di-frutta\" class=\"wp-block-heading\">L\u00ednea de preparaci\u00f3n para conservas de frutas<\/h3>\r\n\r\n\r\n\r\n<ul class=\"wp-block-list\">\r\n<li><strong>Tanque mezclador<\/strong> para la preparaci\u00f3n de recetas a partir de pur\u00e9 de frutas al que se a\u00f1aden otros microingredientes;<\/li>\r\n\r\n\r\n\r\n<li><strong><a href=\"https:\/\/www.cft-group.com\/es\/technology\/esterilizadores-y-pasteurizadores\/#olimpic-ft\" target=\"_blank\" rel=\"noreferrer noopener\">OLIMPIC FT-SS\/PC<\/a><\/strong>, pasteurizador de haz de tubos para el tratamiento t\u00e9rmico de productos destinados al envasado en caliente.<\/li>\r\n<\/ul>\r\n\r\n\r\n\r\n<p>Los tambores as\u00e9pticos de 50 galones (bags in drums) y 300 galones (bags in bins) deb\u00edan llenarse durante la campa\u00f1a y luego revenderse en el mercado B2B o volver a transformarse en productos al por menor como bolsitas para chupar (squeezable pouches), para lo cual Ama Time introdujo una l\u00ednea completa de llenado y envasado.<\/p>\r\n\r\n\r\n\r\n<p>La puesta en marcha de la l\u00ednea en agosto de 2014 confirm\u00f3 un producto de alta calidad con un color superior a la media y bajas cantidades de \u00e1cido asc\u00f3rbico.<\/p>\r\n\r\n\r\n\r\n<p>La implicaci\u00f3n de CFT no se limit\u00f3 al dise\u00f1o y suministro de la l\u00ednea o al asesoramiento tecnol\u00f3gico, sino que lleg\u00f3 incluso a proponer un tecn\u00f3logo experto en la elaboraci\u00f3n de pur\u00e9s de frutas que asisti\u00f3 al cliente en la delicada puesta en marcha y en la b\u00fasqueda de socios industriales.<\/p>\r\n\r\n\r\n\r\n<p>En los a\u00f1os inmediatamente posteriores a la puesta en marcha, la l\u00ednea de pur\u00e9 as\u00e9ptico se complet\u00f3 con un sistema de separaci\u00f3n de fibras para la elaboraci\u00f3n de zumos turbios.<\/p>\r\n\r\n\r\n\r\n<figure class=\"wp-block-image size-large\"><img decoding=\"async\" class=\"wp-image-45740\" src=\"https:\/\/www.cft-group.com\/wp-content\/uploads\/sites\/61\/2024\/02\/Sito-3.jpg?w=1024\" alt=\"\" \/><\/figure>\r\n\r\n\r\n\r\n<h2 id=\"h-cft-a-supporto-del-successo-di-ama-time\" class=\"wp-block-heading\">CFT APOYA EL \u00c9XITO DE AMA TIME<\/h2>\r\n\r\n\r\n\r\n<p>En pocos a\u00f1os, partiendo de cero, Ama Time ha conseguido labrarse una s\u00f3lida reputaci\u00f3n en el campo de la elaboraci\u00f3n ecol\u00f3gica de zumos y pur\u00e9s. Hoy produce pur\u00e9s as\u00e9pticos para famosas empresas de alimentaci\u00f3n infantil, export\u00e1ndolos a todo el mundo y, en particular, a Estados Unidos. Los productos destinados a la gran distribuci\u00f3n, con la promesa de \u00abla fruta en su estado m\u00e1s puro\u00bb, llegan a los supermercados de todo el mundo.<\/p>\r\n\r\n\r\n\r\n<p>Menos de diez a\u00f1os despu\u00e9s de su fundaci\u00f3n, Ama Time puso en marcha en 2022 su segunda l\u00ednea de pur\u00e9 de 6 t\/h, confirmando as\u00ed su asociaci\u00f3n con CFT, que la ha seguido paso a paso en esta marcha triunfal.<\/p>\r\n\r\n\r\n\r\n<p>La nueva l\u00ednea de procesado para fruta es similar a la primera, pero con una importante mejora: la capacidad de procesar frutas y verduras de baja acidez con una tecnolog\u00eda de llenado as\u00e9ptico, dedicada y aprobada por la FDA para su exportaci\u00f3n a EE.UU.<\/p>\r\n\r\n\r\n\r\n<p>Esta segunda l\u00ednea tambi\u00e9n produce pur\u00e9s de calidad superlativa y tiene un gran \u00e9xito entre los clientes.<\/p>\r\n\r\n\r\n\r\n<h2 id=\"h-uno-sguardo-al-futuro\" class=\"wp-block-heading\">UNA MIRADA AL FUTURO<\/h2>\r\n\r\n\r\n\r\n<p>El mercado mundial de los pur\u00e9s de frutas ten\u00eda un valor de 4300 millones de d\u00f3lares en 2021, y se espera que aumente a 7800 millones de d\u00f3lares en 2031. El auge de los pur\u00e9s de fruta como alternativa saludable a los dulces y los ingredientes artificiales en la industria alimentaria se debe en gran medida a la creciente preocupaci\u00f3n medioambiental por el uso de sustancias qu\u00edmicas nocivas en la agricultura y la ganader\u00eda y sus repercusiones en la salud de los consumidores.<\/p>\r\n\r\n\r\n\r\n<p>Adem\u00e1s, teniendo en cuenta la perspectiva de un aumento significativo del mercado mundial de productos ecol\u00f3gicos, previsto en un 14,9% de 2022 a 2031, es evidente lo esencial que resulta contribuir activamente al desarrollo de este sector.<\/p>\r\n\r\n\r\n\r\n<p>Fuentes:<\/p>\r\n\r\n\r\n\r\n<p><a href=\"https:\/\/www.alliedmarketresearch.com\/organic-food-beverage-market\">https:\/\/www.alliedmarketresearch.com\/organic-food-beverage-market<\/a><\/p>\r\n\r\n\r\n\r\n<p><a href=\"https:\/\/www.alliedmarketresearch.com\/fruit-puree-market-A16912\">https:\/\/www.alliedmarketresearch.com\/fruit-puree-market-A16912<\/a><\/p>\r\n\r\n\r\n\r\n<p>&nbsp;<\/p>\r\n","protected":false},"excerpt":{"rendered":"<p>Ama Time icono de la excelencia en el procesado de fruta ecol\u00f3gica, nos ha elegido como socio de confianza para el suministro de maquinaria de \u00faltima generaci\u00f3n para la elaboraci\u00f3 de pur\u00e9s y zumos de fruta. En el transcurso de esta fruct\u00edfera colaboraci\u00f3n, compartimos una historia de \u00e9xito que pone de relieve c\u00f3mo la dedicaci\u00f3n, [&hellip;]<\/p>\n","protected":false},"author":236,"featured_media":8744,"comment_status":"open","ping_status":"open","sticky":false,"template":"","format":"standard","meta":{"_acf_changed":false,"_cr_original_post":"","_cr_replace_post_id":"","_cr_replacing_post_id":"","_jetpack_memberships_contains_paid_content":false,"footnotes":""},"categories":[6],"tags":[],"class_list":["post-8743","post","type-post","status-publish","format-standard","has-post-thumbnail","hentry","category-sin-categorizar","industry-fruta","story-type-casos-de-exito"],"yoast_head":"<!-- This site is optimized with the Yoast SEO Premium plugin v26.8 (Yoast SEO v26.8) - https:\/\/yoast.com\/product\/yoast-seo-premium-wordpress\/ -->\n<title>AMA TIME &amp; CFT: l\u00ednea de procesado para fruta ecol\u00f3gica - CFT Food Machinery<\/title>\n<meta name=\"description\" content=\"Profundiza en la fruct\u00edfera colaboraci\u00f3n entre CFT y Ama Time en Chile para el procesado de fruta ecol\u00f3gica.\" \/>\n<meta name=\"robots\" content=\"index, follow, max-snippet:-1, max-image-preview:large, max-video-preview:-1\" \/>\n<link rel=\"canonical\" href=\"https:\/\/www.cft-group.com\/es\/ama-time-cft-linea-de-procesado-para-fruta-ecologica\/\" \/>\n<meta property=\"og:locale\" content=\"es_ES\" \/>\n<meta property=\"og:type\" content=\"article\" \/>\n<meta property=\"og:title\" content=\"AMA TIME &amp; CFT: l\u00ednea de procesado para fruta ecol\u00f3gica - CFT Food Machinery\" \/>\n<meta property=\"og:description\" content=\"Profundiza en la fruct\u00edfera colaboraci\u00f3n entre CFT y Ama Time en Chile para el procesado de fruta ecol\u00f3gica.\" \/>\n<meta property=\"og:url\" content=\"https:\/\/www.cft-group.com\/es\/ama-time-cft-linea-de-procesado-para-fruta-ecologica\/\" \/>\n<meta property=\"og:site_name\" content=\"CFT Food Machinery\" \/>\n<meta property=\"article:published_time\" content=\"2023-11-22T13:07:11+00:00\" \/>\n<meta property=\"article:modified_time\" content=\"2025-12-15T15:19:01+00:00\" \/>\n<meta property=\"og:image\" content=\"https:\/\/www.cft-group.com\/wp-content\/uploads\/sites\/61\/2024\/02\/MicrosoftTeams-image-9.jpg\" \/>\n\t<meta property=\"og:image:width\" content=\"1200\" \/>\n\t<meta property=\"og:image:height\" content=\"675\" \/>\n\t<meta property=\"og:image:type\" content=\"image\/jpeg\" \/>\n<meta name=\"author\" content=\"alessandro\" \/>\n<meta name=\"twitter:card\" content=\"summary_large_image\" \/>\n<meta name=\"twitter:label1\" content=\"Escrito por\" \/>\n\t<meta name=\"twitter:data1\" content=\"alessandro\" \/>\n\t<meta name=\"twitter:label2\" content=\"Tiempo de lectura\" \/>\n\t<meta name=\"twitter:data2\" content=\"5 minutos\" \/>\n<script type=\"application\/ld+json\" class=\"yoast-schema-graph\">{\"@context\":\"https:\/\/schema.org\",\"@graph\":[{\"@type\":\"Article\",\"@id\":\"https:\/\/www.cft-group.com\/es\/ama-time-cft-linea-de-procesado-para-fruta-ecologica\/#article\",\"isPartOf\":{\"@id\":\"https:\/\/www.cft-group.com\/es\/ama-time-cft-linea-de-procesado-para-fruta-ecologica\/\"},\"author\":{\"name\":\"alessandro\",\"@id\":\"https:\/\/www.cft-group.com\/es\/#\/schema\/person\/d7901b02e6e76106ec3b385f87adeed5\"},\"headline\":\"AMA TIME &amp; CFT: l\u00ednea de procesado para fruta ecol\u00f3gica\",\"datePublished\":\"2023-11-22T13:07:11+00:00\",\"dateModified\":\"2025-12-15T15:19:01+00:00\",\"mainEntityOfPage\":{\"@id\":\"https:\/\/www.cft-group.com\/es\/ama-time-cft-linea-de-procesado-para-fruta-ecologica\/\"},\"wordCount\":866,\"commentCount\":0,\"image\":{\"@id\":\"https:\/\/www.cft-group.com\/es\/ama-time-cft-linea-de-procesado-para-fruta-ecologica\/#primaryimage\"},\"thumbnailUrl\":\"https:\/\/www.cft-group.com\/wp-content\/uploads\/sites\/61\/2024\/02\/MicrosoftTeams-image-9.jpg\",\"articleSection\":[\"Sin categorizar\"],\"inLanguage\":\"es\",\"potentialAction\":[{\"@type\":\"CommentAction\",\"name\":\"Comment\",\"target\":[\"https:\/\/www.cft-group.com\/es\/ama-time-cft-linea-de-procesado-para-fruta-ecologica\/#respond\"]}]},{\"@type\":\"WebPage\",\"@id\":\"https:\/\/www.cft-group.com\/es\/ama-time-cft-linea-de-procesado-para-fruta-ecologica\/\",\"url\":\"https:\/\/www.cft-group.com\/es\/ama-time-cft-linea-de-procesado-para-fruta-ecologica\/\",\"name\":\"AMA TIME &amp; CFT: l\u00ednea de procesado para fruta ecol\u00f3gica - CFT Food Machinery\",\"isPartOf\":{\"@id\":\"https:\/\/www.cft-group.com\/es\/#website\"},\"primaryImageOfPage\":{\"@id\":\"https:\/\/www.cft-group.com\/es\/ama-time-cft-linea-de-procesado-para-fruta-ecologica\/#primaryimage\"},\"image\":{\"@id\":\"https:\/\/www.cft-group.com\/es\/ama-time-cft-linea-de-procesado-para-fruta-ecologica\/#primaryimage\"},\"thumbnailUrl\":\"https:\/\/www.cft-group.com\/wp-content\/uploads\/sites\/61\/2024\/02\/MicrosoftTeams-image-9.jpg\",\"datePublished\":\"2023-11-22T13:07:11+00:00\",\"dateModified\":\"2025-12-15T15:19:01+00:00\",\"author\":{\"@id\":\"https:\/\/www.cft-group.com\/es\/#\/schema\/person\/d7901b02e6e76106ec3b385f87adeed5\"},\"description\":\"Profundiza en la fruct\u00edfera colaboraci\u00f3n entre CFT y Ama Time en Chile para el procesado de fruta ecol\u00f3gica.\",\"inLanguage\":\"es\",\"potentialAction\":[{\"@type\":\"ReadAction\",\"target\":[\"https:\/\/www.cft-group.com\/es\/ama-time-cft-linea-de-procesado-para-fruta-ecologica\/\"]}]},{\"@type\":\"ImageObject\",\"inLanguage\":\"es\",\"@id\":\"https:\/\/www.cft-group.com\/es\/ama-time-cft-linea-de-procesado-para-fruta-ecologica\/#primaryimage\",\"url\":\"https:\/\/www.cft-group.com\/wp-content\/uploads\/sites\/61\/2024\/02\/MicrosoftTeams-image-9.jpg\",\"contentUrl\":\"https:\/\/www.cft-group.com\/wp-content\/uploads\/sites\/61\/2024\/02\/MicrosoftTeams-image-9.jpg\",\"width\":1200,\"height\":675},{\"@type\":\"WebSite\",\"@id\":\"https:\/\/www.cft-group.com\/es\/#website\",\"url\":\"https:\/\/www.cft-group.com\/es\/\",\"name\":\"CFT Food Machinery\",\"description\":\"\",\"potentialAction\":[{\"@type\":\"SearchAction\",\"target\":{\"@type\":\"EntryPoint\",\"urlTemplate\":\"https:\/\/www.cft-group.com\/es\/?s={search_term_string}\"},\"query-input\":{\"@type\":\"PropertyValueSpecification\",\"valueRequired\":true,\"valueName\":\"search_term_string\"}}],\"inLanguage\":\"es\"},{\"@type\":\"Person\",\"@id\":\"https:\/\/www.cft-group.com\/es\/#\/schema\/person\/d7901b02e6e76106ec3b385f87adeed5\",\"name\":\"alessandro\",\"image\":{\"@type\":\"ImageObject\",\"inLanguage\":\"es\",\"@id\":\"https:\/\/www.cft-group.com\/es\/#\/schema\/person\/image\/\",\"url\":\"https:\/\/secure.gravatar.com\/avatar\/389b3c20dea50b547c67d4dad3396483c7a5899a3f8d7b63fd3abe2589ffc9ea?s=96&d=mm&r=g\",\"contentUrl\":\"https:\/\/secure.gravatar.com\/avatar\/389b3c20dea50b547c67d4dad3396483c7a5899a3f8d7b63fd3abe2589ffc9ea?s=96&d=mm&r=g\",\"caption\":\"alessandro\"},\"url\":\"https:\/\/www.cft-group.com\/es\/author\/alessandro\/\"}]}<\/script>\n<!-- \/ Yoast SEO Premium plugin. -->","yoast_head_json":{"title":"AMA TIME &amp; CFT: l\u00ednea de procesado para fruta ecol\u00f3gica - CFT Food Machinery","description":"Profundiza en la fruct\u00edfera colaboraci\u00f3n entre CFT y Ama Time en Chile para el procesado de fruta ecol\u00f3gica.","robots":{"index":"index","follow":"follow","max-snippet":"max-snippet:-1","max-image-preview":"max-image-preview:large","max-video-preview":"max-video-preview:-1"},"canonical":"https:\/\/www.cft-group.com\/es\/ama-time-cft-linea-de-procesado-para-fruta-ecologica\/","og_locale":"es_ES","og_type":"article","og_title":"AMA TIME &amp; CFT: l\u00ednea de procesado para fruta ecol\u00f3gica - CFT Food Machinery","og_description":"Profundiza en la fruct\u00edfera colaboraci\u00f3n entre CFT y Ama Time en Chile para el procesado de fruta ecol\u00f3gica.","og_url":"https:\/\/www.cft-group.com\/es\/ama-time-cft-linea-de-procesado-para-fruta-ecologica\/","og_site_name":"CFT Food Machinery","article_published_time":"2023-11-22T13:07:11+00:00","article_modified_time":"2025-12-15T15:19:01+00:00","og_image":[{"width":1200,"height":675,"url":"https:\/\/www.cft-group.com\/wp-content\/uploads\/sites\/61\/2024\/02\/MicrosoftTeams-image-9.jpg","type":"image\/jpeg"}],"author":"alessandro","twitter_card":"summary_large_image","twitter_misc":{"Escrito por":"alessandro","Tiempo de lectura":"5 minutos"},"schema":{"@context":"https:\/\/schema.org","@graph":[{"@type":"Article","@id":"https:\/\/www.cft-group.com\/es\/ama-time-cft-linea-de-procesado-para-fruta-ecologica\/#article","isPartOf":{"@id":"https:\/\/www.cft-group.com\/es\/ama-time-cft-linea-de-procesado-para-fruta-ecologica\/"},"author":{"name":"alessandro","@id":"https:\/\/www.cft-group.com\/es\/#\/schema\/person\/d7901b02e6e76106ec3b385f87adeed5"},"headline":"AMA TIME &amp; CFT: l\u00ednea de procesado para fruta ecol\u00f3gica","datePublished":"2023-11-22T13:07:11+00:00","dateModified":"2025-12-15T15:19:01+00:00","mainEntityOfPage":{"@id":"https:\/\/www.cft-group.com\/es\/ama-time-cft-linea-de-procesado-para-fruta-ecologica\/"},"wordCount":866,"commentCount":0,"image":{"@id":"https:\/\/www.cft-group.com\/es\/ama-time-cft-linea-de-procesado-para-fruta-ecologica\/#primaryimage"},"thumbnailUrl":"https:\/\/www.cft-group.com\/wp-content\/uploads\/sites\/61\/2024\/02\/MicrosoftTeams-image-9.jpg","articleSection":["Sin categorizar"],"inLanguage":"es","potentialAction":[{"@type":"CommentAction","name":"Comment","target":["https:\/\/www.cft-group.com\/es\/ama-time-cft-linea-de-procesado-para-fruta-ecologica\/#respond"]}]},{"@type":"WebPage","@id":"https:\/\/www.cft-group.com\/es\/ama-time-cft-linea-de-procesado-para-fruta-ecologica\/","url":"https:\/\/www.cft-group.com\/es\/ama-time-cft-linea-de-procesado-para-fruta-ecologica\/","name":"AMA TIME &amp; CFT: l\u00ednea de procesado para fruta ecol\u00f3gica - CFT Food Machinery","isPartOf":{"@id":"https:\/\/www.cft-group.com\/es\/#website"},"primaryImageOfPage":{"@id":"https:\/\/www.cft-group.com\/es\/ama-time-cft-linea-de-procesado-para-fruta-ecologica\/#primaryimage"},"image":{"@id":"https:\/\/www.cft-group.com\/es\/ama-time-cft-linea-de-procesado-para-fruta-ecologica\/#primaryimage"},"thumbnailUrl":"https:\/\/www.cft-group.com\/wp-content\/uploads\/sites\/61\/2024\/02\/MicrosoftTeams-image-9.jpg","datePublished":"2023-11-22T13:07:11+00:00","dateModified":"2025-12-15T15:19:01+00:00","author":{"@id":"https:\/\/www.cft-group.com\/es\/#\/schema\/person\/d7901b02e6e76106ec3b385f87adeed5"},"description":"Profundiza en la fruct\u00edfera colaboraci\u00f3n entre CFT y Ama Time en Chile para el procesado de fruta ecol\u00f3gica.","inLanguage":"es","potentialAction":[{"@type":"ReadAction","target":["https:\/\/www.cft-group.com\/es\/ama-time-cft-linea-de-procesado-para-fruta-ecologica\/"]}]},{"@type":"ImageObject","inLanguage":"es","@id":"https:\/\/www.cft-group.com\/es\/ama-time-cft-linea-de-procesado-para-fruta-ecologica\/#primaryimage","url":"https:\/\/www.cft-group.com\/wp-content\/uploads\/sites\/61\/2024\/02\/MicrosoftTeams-image-9.jpg","contentUrl":"https:\/\/www.cft-group.com\/wp-content\/uploads\/sites\/61\/2024\/02\/MicrosoftTeams-image-9.jpg","width":1200,"height":675},{"@type":"WebSite","@id":"https:\/\/www.cft-group.com\/es\/#website","url":"https:\/\/www.cft-group.com\/es\/","name":"CFT Food Machinery","description":"","potentialAction":[{"@type":"SearchAction","target":{"@type":"EntryPoint","urlTemplate":"https:\/\/www.cft-group.com\/es\/?s={search_term_string}"},"query-input":{"@type":"PropertyValueSpecification","valueRequired":true,"valueName":"search_term_string"}}],"inLanguage":"es"},{"@type":"Person","@id":"https:\/\/www.cft-group.com\/es\/#\/schema\/person\/d7901b02e6e76106ec3b385f87adeed5","name":"alessandro","image":{"@type":"ImageObject","inLanguage":"es","@id":"https:\/\/www.cft-group.com\/es\/#\/schema\/person\/image\/","url":"https:\/\/secure.gravatar.com\/avatar\/389b3c20dea50b547c67d4dad3396483c7a5899a3f8d7b63fd3abe2589ffc9ea?s=96&d=mm&r=g","contentUrl":"https:\/\/secure.gravatar.com\/avatar\/389b3c20dea50b547c67d4dad3396483c7a5899a3f8d7b63fd3abe2589ffc9ea?s=96&d=mm&r=g","caption":"alessandro"},"url":"https:\/\/www.cft-group.com\/es\/author\/alessandro\/"}]}},"acf":[],"jetpack_featured_media_url":"https:\/\/www.cft-group.com\/wp-content\/uploads\/sites\/61\/2024\/02\/MicrosoftTeams-image-9.jpg","jetpack_sharing_enabled":true,"_links":{"self":[{"href":"https:\/\/www.cft-group.com\/es\/wp-json\/wp\/v2\/posts\/8743","targetHints":{"allow":["GET"]}}],"collection":[{"href":"https:\/\/www.cft-group.com\/es\/wp-json\/wp\/v2\/posts"}],"about":[{"href":"https:\/\/www.cft-group.com\/es\/wp-json\/wp\/v2\/types\/post"}],"author":[{"embeddable":true,"href":"https:\/\/www.cft-group.com\/es\/wp-json\/wp\/v2\/users\/236"}],"replies":[{"embeddable":true,"href":"https:\/\/www.cft-group.com\/es\/wp-json\/wp\/v2\/comments?post=8743"}],"version-history":[{"count":15,"href":"https:\/\/www.cft-group.com\/es\/wp-json\/wp\/v2\/posts\/8743\/revisions"}],"predecessor-version":[{"id":10550,"href":"https:\/\/www.cft-group.com\/es\/wp-json\/wp\/v2\/posts\/8743\/revisions\/10550"}],"wp:featuredmedia":[{"embeddable":true,"href":"https:\/\/www.cft-group.com\/es\/wp-json\/wp\/v2\/media\/8744"}],"wp:attachment":[{"href":"https:\/\/www.cft-group.com\/es\/wp-json\/wp\/v2\/media?parent=8743"}],"wp:term":[{"taxonomy":"category","embeddable":true,"href":"https:\/\/www.cft-group.com\/es\/wp-json\/wp\/v2\/categories?post=8743"},{"taxonomy":"post_tag","embeddable":true,"href":"https:\/\/www.cft-group.com\/es\/wp-json\/wp\/v2\/tags?post=8743"}],"curies":[{"name":"wp","href":"https:\/\/api.w.org\/{rel}","templated":true}]}}