{"id":8770,"date":"2022-12-19T10:32:14","date_gmt":"2022-12-19T10:32:14","guid":{"rendered":"https:\/\/www.cft-group.com\/cft-cral-renacimiento-y-futuras-iniciativas\/"},"modified":"2025-09-03T08:07:28","modified_gmt":"2025-09-03T08:07:28","slug":"cft-cral-renacimiento-y-futuras-iniciativas","status":"publish","type":"post","link":"https:\/\/www.cft-group.com\/es\/cft-cral-renacimiento-y-futuras-iniciativas\/","title":{"rendered":"CFT CRAL: renacimiento y futuras iniciativas"},"content":{"rendered":"&#13;\n<h2 class=\"wp-block-heading\">Entrevista con la presidenta del Cral de la empresa<\/h2>&#13;\n&#13;\n<p>En la siguiente entrevista, Giulia Bertolini \u2014Travel Manager y presidenta del CRAL de la empresa\u2014 nos habla del camino recorrido por el C\u00edrculo Recreativo Empresarial de Trabajadores (CRAL) de CFT desde la recuperaci\u00f3n tras la pandemia. Desde entonces, se han dado pasos importantes, con un nuevo consejo de administraci\u00f3n y muchas iniciativas para un futuro a\u00fan mejor.<\/p>&#13;\n&#13;\n<h2 class=\"wp-block-heading\" id=\"h-con-che-spirito-e-ripreso-il-cral-dopo-il-periodo-di-pandemia\">\u00bfCon qu\u00e9 esp\u00edritu se reanud\u00f3 el CRAL tras la pandemia?<\/h2>&#13;\n&#13;\n<p>La pandemia fue una \u00e9poca de gran desconcierto para todos. Despu\u00e9s del confinamiento tuvimos una larga fase de smart working, en la que la mayor\u00eda trabajamos desde casa, borrando casi por completo las relaciones interpersonales y las conversaciones.<\/p>&#13;\n&#13;\n<p>Con la toma de posesi\u00f3n de la nueva junta a principios de a\u00f1o, hemos querido aprovechar la ocasi\u00f3n para relanzar las actividades del CRAL, congeladas durante mucho tiempo, ofreciendo nuevas oportunidades de encuentro y diversi\u00f3n.<\/p>&#13;\n&#13;\n<p><strong>El esp\u00edritu que nos une, y que anima al CRAL, es precisamente el de crear momentos y ocasiones para juntarnos, ayudando tambi\u00e9n a reducir los costes de estas actividades y permitiendo as\u00ed que el mayor n\u00famero posible de personas participe en las diversas iniciativas.<\/strong><\/p>&#13;\n&#13;\n<p>Tras la pandemia, esta necesidad de participaci\u00f3n se ha acentuado y amplificado enormemente, lo que hace que nuestro proyecto sea a\u00fan m\u00e1s estrat\u00e9gico y socialmente \u00fatil.<\/p>&#13;\n&#13;\n<h2 class=\"wp-block-heading\">\u00bfC\u00f3mo os hab\u00e9is organizado?<\/h2>&#13;\n&#13;\n<p>El nuevo consejo es un <strong>grupo joven<\/strong>, formado por personas que ponen su tiempo a disposici\u00f3n de los compa\u00f1eros para proponer actos, organizar cursos, torneos, salidas e iniciativas ben\u00e9ficas.<\/p>&#13;\n&#13;\n<p>Nos hemos dividido en <strong>tres secciones<\/strong>: una dedicada a las <strong>actividades deportivas<\/strong>, otra al <strong>turismo y las actividades culturales<\/strong>, y otra al <strong>voluntariado<\/strong>, para que cada uno de nosotros pueda dedicarse a desarrollar el \u00e1rea que m\u00e1s le interese, centr\u00e1ndose principalmente en ella.<\/p>&#13;\n&#13;\n<p>Con el objetivo de mejorar la comunicaci\u00f3n, se ha creado una newsletter de CRAL, que recoge las noticias m\u00e1s importantes y nos permite mantenernos al d\u00eda e informados sobre las diferentes actividades propuestas. Adem\u00e1s, contamos con una secci\u00f3n espec\u00edfica en la p\u00e1gina web interna, <strong>CFT HUB<\/strong>, y se han instalado nuevos tablones de anuncios en las zonas de restauraci\u00f3n para informar a todos los empleados interesados.<\/p>&#13;\n&#13;\n<h2 class=\"wp-block-heading\">\u00bfCu\u00e1l ha sido la respuesta de los afiliados a las iniciativas que se han propuesto hasta ahora?<\/h2>&#13;\n&#13;\n<p>Desde principios de a\u00f1o hasta la fecha, hemos organizado diversas actividades en el \u00e1mbito deportivo: clases de fitness, un curso de p\u00e1del (con un torneo final que tuvo mucho \u00e9xito), un grupo de v\u00f3ley-playa y otro de f\u00fatbol sala, con pistas alquiladas por el CRAL de forma permanente, a disposici\u00f3n de los socios.<\/p>&#13;\n&#13;\n<p>Se han organizado salidas a la monta\u00f1a para los esquiadores y excursiones de senderismo, y compramos entradas para Gardaland a precios especiales.<\/p>&#13;\n&#13;\n<p>Otra importante iniciativa muy apreciada por los socios es la posibilidad de aprovechar dos pisos que tenemos en alquiler en una <strong>Residencia en los Dolomitas <\/strong>(en Vigo di Fassa) que ponemos a su disposici\u00f3n durante las temporadas de verano e invierno a precios muy convenientes.<\/p>&#13;\n&#13;\n<p>Adem\u00e1s de ofrecer estas oportunidades de ocio, el CRAL apoya a las asociaciones locales de voluntariado y promueve <strong>actividades ben\u00e9ficas<\/strong>. Con este fin, organizamos una recogida de ropa y materiales \u00fatiles para donarlos a personas necesitadas, recaudamos fondos durante la emergencia por la guerra de Ucrania (posteriormente donados a Protecci\u00f3n Civil de Parma), participamos en las jornadas ecol\u00f3gicas de Intercral, y en Semana Santa y Navidad organizamos rifas en las que sorteamos productos adquiridos por las distintas asociaciones de voluntarios (a las que tambi\u00e9n donamos el producto de la venta de boletos).<\/p>&#13;\n&#13;\n<p>Otra iniciativa popular, que pusimos en marcha en las \u00faltimas semanas, fue un cheque regalo para utilizar en una jugueter\u00eda de la ciudad y distribuir entre los hijos de los afiliados menores de 12 a\u00f1os, con motivo de Santa Luc\u00eda.<\/p>&#13;\n&#13;\n<p>Por \u00faltimo, este a\u00f1o tambi\u00e9n pudimos reunirnos todos en la cena de empresa que organizamos el 2 de diciembre y que fue un momento maravilloso de encuentro y diversi\u00f3n.<\/p>&#13;\n&#13;\n<p>Debo decir que todas las actividades organizadas tuvieron mucho \u00e9xito, especialmente las deportivas y solidarias. Hay muchas ganas de reunirse, de mantenerse en forma divirti\u00e9ndose y tambi\u00e9n de hacer el bien ayudando a los m\u00e1s necesitados.<\/p>&#13;\n&#13;\n<h2 class=\"wp-block-heading\">Tras estos primeros meses, \u00bfc\u00f3mo imagina el CRAL CFT en 2023 y en los pr\u00f3ximos a\u00f1os?<\/h2>&#13;\n&#13;\n<p>Estos primeros meses han sido todo un reto para la nueva junta, ya que hemos tenido que reanudar actividades que hab\u00edan estado suspendidas durante alg\u00fan tiempo, y relanzar el CRAL intentando aportar algo <strong>nuevo al pasado<\/strong>, y un <strong>nuevo enfoque comunicativo<\/strong>, para llegar al mayor n\u00famero posible de compa\u00f1eros e implicar en las distintas actividades a las nuevas incorporaciones de los dos \u00faltimos a\u00f1os, que no lo conoc\u00edan.<\/p>&#13;\n&#13;\n<p>Estoy seguro de que en 2023, y cada vez m\u00e1s en los pr\u00f3ximos a\u00f1os, sabremos sacar partido de nuestra experiencia, porque tenemos muchas ideas que realizar, \u00a1con entusiasmo y ganas de divertirnos juntos!<\/p>&#13;\n&#13;\n<p class=\"has-text-align-right\">Giulia Bertolini<\/p>&#13;\n&#13;\n<p class=\"has-text-align-right\">Travel Manager y presidenta del Cral<\/p>&#13;\n","protected":false},"excerpt":{"rendered":"<p>&#13; Entrevista con la presidenta del Cral de la empresa &#13; &#13; En la siguiente entrevista, Giulia Bertolini \u2014Travel Manager y presidenta del CRAL de la empresa\u2014 nos habla del camino recorrido por el C\u00edrculo Recreativo Empresarial de Trabajadores (CRAL) de CFT desde la recuperaci\u00f3n tras la pandemia. Desde entonces, se han dado pasos importantes, [&hellip;]<\/p>\n","protected":false},"author":236,"featured_media":8771,"comment_status":"open","ping_status":"open","sticky":false,"template":"","format":"standard","meta":{"_acf_changed":false,"_cr_original_post":"","_cr_replace_post_id":"","_cr_replacing_post_id":"","_jetpack_memberships_contains_paid_content":false,"footnotes":""},"categories":[6],"tags":[],"class_list":["post-8770","post","type-post","status-publish","format-standard","has-post-thumbnail","hentry","category-sin-categorizar","story-type-innovacion-y-cultura","topic-personas"],"yoast_head":"<!-- This site is optimized with the Yoast SEO Premium plugin v26.8 (Yoast SEO v26.8) - https:\/\/yoast.com\/product\/yoast-seo-premium-wordpress\/ -->\n<title>CFT CRAL: renacimiento y futuras iniciativas - CFT Food Machinery<\/title>\n<meta name=\"robots\" content=\"index, follow, max-snippet:-1, max-image-preview:large, max-video-preview:-1\" \/>\n<link rel=\"canonical\" href=\"https:\/\/www.cft-group.com\/es\/cft-cral-renacimiento-y-futuras-iniciativas\/\" \/>\n<meta property=\"og:locale\" content=\"es_ES\" \/>\n<meta property=\"og:type\" content=\"article\" \/>\n<meta property=\"og:title\" content=\"CFT CRAL: renacimiento y futuras iniciativas - CFT Food Machinery\" \/>\n<meta property=\"og:description\" content=\"&#013; Entrevista con la presidenta del Cral de la empresa &#013; &#013; En la siguiente entrevista, Giulia Bertolini \u2014Travel Manager y presidenta del CRAL de la empresa\u2014 nos habla del camino recorrido por el C\u00edrculo Recreativo Empresarial de Trabajadores (CRAL) de CFT desde la recuperaci\u00f3n tras la pandemia. Desde entonces, se han dado pasos importantes, [&hellip;]\" \/>\n<meta property=\"og:url\" content=\"https:\/\/www.cft-group.com\/es\/cft-cral-renacimiento-y-futuras-iniciativas\/\" \/>\n<meta property=\"og:site_name\" content=\"CFT Food Machinery\" \/>\n<meta property=\"article:published_time\" content=\"2022-12-19T10:32:14+00:00\" \/>\n<meta property=\"article:modified_time\" content=\"2025-09-03T08:07:28+00:00\" \/>\n<meta property=\"og:image\" content=\"https:\/\/www.cft-group.com\/wp-content\/uploads\/sites\/61\/2024\/02\/cral_header.png\" \/>\n\t<meta property=\"og:image:width\" content=\"1920\" \/>\n\t<meta property=\"og:image:height\" content=\"1080\" \/>\n\t<meta property=\"og:image:type\" content=\"image\/png\" \/>\n<meta name=\"author\" content=\"alessandro\" \/>\n<meta name=\"twitter:card\" content=\"summary_large_image\" \/>\n<meta name=\"twitter:label1\" content=\"Escrito por\" \/>\n\t<meta name=\"twitter:data1\" content=\"alessandro\" \/>\n\t<meta name=\"twitter:label2\" content=\"Tiempo de lectura\" \/>\n\t<meta name=\"twitter:data2\" content=\"4 minutos\" \/>\n<script type=\"application\/ld+json\" class=\"yoast-schema-graph\">{\"@context\":\"https:\/\/schema.org\",\"@graph\":[{\"@type\":\"Article\",\"@id\":\"https:\/\/www.cft-group.com\/es\/cft-cral-renacimiento-y-futuras-iniciativas\/#article\",\"isPartOf\":{\"@id\":\"https:\/\/www.cft-group.com\/es\/cft-cral-renacimiento-y-futuras-iniciativas\/\"},\"author\":{\"name\":\"alessandro\",\"@id\":\"https:\/\/www.cft-group.com\/es\/#\/schema\/person\/d7901b02e6e76106ec3b385f87adeed5\"},\"headline\":\"CFT CRAL: renacimiento y futuras iniciativas\",\"datePublished\":\"2022-12-19T10:32:14+00:00\",\"dateModified\":\"2025-09-03T08:07:28+00:00\",\"mainEntityOfPage\":{\"@id\":\"https:\/\/www.cft-group.com\/es\/cft-cral-renacimiento-y-futuras-iniciativas\/\"},\"wordCount\":889,\"commentCount\":0,\"image\":{\"@id\":\"https:\/\/www.cft-group.com\/es\/cft-cral-renacimiento-y-futuras-iniciativas\/#primaryimage\"},\"thumbnailUrl\":\"https:\/\/www.cft-group.com\/wp-content\/uploads\/sites\/61\/2024\/02\/cral_header.png\",\"articleSection\":[\"Sin categorizar\"],\"inLanguage\":\"es\",\"potentialAction\":[{\"@type\":\"CommentAction\",\"name\":\"Comment\",\"target\":[\"https:\/\/www.cft-group.com\/es\/cft-cral-renacimiento-y-futuras-iniciativas\/#respond\"]}]},{\"@type\":\"WebPage\",\"@id\":\"https:\/\/www.cft-group.com\/es\/cft-cral-renacimiento-y-futuras-iniciativas\/\",\"url\":\"https:\/\/www.cft-group.com\/es\/cft-cral-renacimiento-y-futuras-iniciativas\/\",\"name\":\"CFT CRAL: renacimiento y futuras iniciativas - CFT Food Machinery\",\"isPartOf\":{\"@id\":\"https:\/\/www.cft-group.com\/es\/#website\"},\"primaryImageOfPage\":{\"@id\":\"https:\/\/www.cft-group.com\/es\/cft-cral-renacimiento-y-futuras-iniciativas\/#primaryimage\"},\"image\":{\"@id\":\"https:\/\/www.cft-group.com\/es\/cft-cral-renacimiento-y-futuras-iniciativas\/#primaryimage\"},\"thumbnailUrl\":\"https:\/\/www.cft-group.com\/wp-content\/uploads\/sites\/61\/2024\/02\/cral_header.png\",\"datePublished\":\"2022-12-19T10:32:14+00:00\",\"dateModified\":\"2025-09-03T08:07:28+00:00\",\"author\":{\"@id\":\"https:\/\/www.cft-group.com\/es\/#\/schema\/person\/d7901b02e6e76106ec3b385f87adeed5\"},\"inLanguage\":\"es\",\"potentialAction\":[{\"@type\":\"ReadAction\",\"target\":[\"https:\/\/www.cft-group.com\/es\/cft-cral-renacimiento-y-futuras-iniciativas\/\"]}]},{\"@type\":\"ImageObject\",\"inLanguage\":\"es\",\"@id\":\"https:\/\/www.cft-group.com\/es\/cft-cral-renacimiento-y-futuras-iniciativas\/#primaryimage\",\"url\":\"https:\/\/www.cft-group.com\/wp-content\/uploads\/sites\/61\/2024\/02\/cral_header.png\",\"contentUrl\":\"https:\/\/www.cft-group.com\/wp-content\/uploads\/sites\/61\/2024\/02\/cral_header.png\",\"width\":1920,\"height\":1080},{\"@type\":\"WebSite\",\"@id\":\"https:\/\/www.cft-group.com\/es\/#website\",\"url\":\"https:\/\/www.cft-group.com\/es\/\",\"name\":\"CFT Food Machinery\",\"description\":\"\",\"potentialAction\":[{\"@type\":\"SearchAction\",\"target\":{\"@type\":\"EntryPoint\",\"urlTemplate\":\"https:\/\/www.cft-group.com\/es\/?s={search_term_string}\"},\"query-input\":{\"@type\":\"PropertyValueSpecification\",\"valueRequired\":true,\"valueName\":\"search_term_string\"}}],\"inLanguage\":\"es\"},{\"@type\":\"Person\",\"@id\":\"https:\/\/www.cft-group.com\/es\/#\/schema\/person\/d7901b02e6e76106ec3b385f87adeed5\",\"name\":\"alessandro\",\"image\":{\"@type\":\"ImageObject\",\"inLanguage\":\"es\",\"@id\":\"https:\/\/www.cft-group.com\/es\/#\/schema\/person\/image\/\",\"url\":\"https:\/\/secure.gravatar.com\/avatar\/389b3c20dea50b547c67d4dad3396483c7a5899a3f8d7b63fd3abe2589ffc9ea?s=96&d=mm&r=g\",\"contentUrl\":\"https:\/\/secure.gravatar.com\/avatar\/389b3c20dea50b547c67d4dad3396483c7a5899a3f8d7b63fd3abe2589ffc9ea?s=96&d=mm&r=g\",\"caption\":\"alessandro\"},\"url\":\"https:\/\/www.cft-group.com\/es\/author\/alessandro\/\"}]}<\/script>\n<!-- \/ Yoast SEO Premium plugin. -->","yoast_head_json":{"title":"CFT CRAL: renacimiento y futuras iniciativas - CFT Food Machinery","robots":{"index":"index","follow":"follow","max-snippet":"max-snippet:-1","max-image-preview":"max-image-preview:large","max-video-preview":"max-video-preview:-1"},"canonical":"https:\/\/www.cft-group.com\/es\/cft-cral-renacimiento-y-futuras-iniciativas\/","og_locale":"es_ES","og_type":"article","og_title":"CFT CRAL: renacimiento y futuras iniciativas - CFT Food Machinery","og_description":"&#13; Entrevista con la presidenta del Cral de la empresa &#13; &#13; En la siguiente entrevista, Giulia Bertolini \u2014Travel Manager y presidenta del CRAL de la empresa\u2014 nos habla del camino recorrido por el C\u00edrculo Recreativo Empresarial de Trabajadores (CRAL) de CFT desde la recuperaci\u00f3n tras la pandemia. Desde entonces, se han dado pasos importantes, [&hellip;]","og_url":"https:\/\/www.cft-group.com\/es\/cft-cral-renacimiento-y-futuras-iniciativas\/","og_site_name":"CFT Food Machinery","article_published_time":"2022-12-19T10:32:14+00:00","article_modified_time":"2025-09-03T08:07:28+00:00","og_image":[{"width":1920,"height":1080,"url":"https:\/\/www.cft-group.com\/wp-content\/uploads\/sites\/61\/2024\/02\/cral_header.png","type":"image\/png"}],"author":"alessandro","twitter_card":"summary_large_image","twitter_misc":{"Escrito por":"alessandro","Tiempo de lectura":"4 minutos"},"schema":{"@context":"https:\/\/schema.org","@graph":[{"@type":"Article","@id":"https:\/\/www.cft-group.com\/es\/cft-cral-renacimiento-y-futuras-iniciativas\/#article","isPartOf":{"@id":"https:\/\/www.cft-group.com\/es\/cft-cral-renacimiento-y-futuras-iniciativas\/"},"author":{"name":"alessandro","@id":"https:\/\/www.cft-group.com\/es\/#\/schema\/person\/d7901b02e6e76106ec3b385f87adeed5"},"headline":"CFT CRAL: renacimiento y futuras iniciativas","datePublished":"2022-12-19T10:32:14+00:00","dateModified":"2025-09-03T08:07:28+00:00","mainEntityOfPage":{"@id":"https:\/\/www.cft-group.com\/es\/cft-cral-renacimiento-y-futuras-iniciativas\/"},"wordCount":889,"commentCount":0,"image":{"@id":"https:\/\/www.cft-group.com\/es\/cft-cral-renacimiento-y-futuras-iniciativas\/#primaryimage"},"thumbnailUrl":"https:\/\/www.cft-group.com\/wp-content\/uploads\/sites\/61\/2024\/02\/cral_header.png","articleSection":["Sin categorizar"],"inLanguage":"es","potentialAction":[{"@type":"CommentAction","name":"Comment","target":["https:\/\/www.cft-group.com\/es\/cft-cral-renacimiento-y-futuras-iniciativas\/#respond"]}]},{"@type":"WebPage","@id":"https:\/\/www.cft-group.com\/es\/cft-cral-renacimiento-y-futuras-iniciativas\/","url":"https:\/\/www.cft-group.com\/es\/cft-cral-renacimiento-y-futuras-iniciativas\/","name":"CFT CRAL: renacimiento y futuras iniciativas - CFT Food Machinery","isPartOf":{"@id":"https:\/\/www.cft-group.com\/es\/#website"},"primaryImageOfPage":{"@id":"https:\/\/www.cft-group.com\/es\/cft-cral-renacimiento-y-futuras-iniciativas\/#primaryimage"},"image":{"@id":"https:\/\/www.cft-group.com\/es\/cft-cral-renacimiento-y-futuras-iniciativas\/#primaryimage"},"thumbnailUrl":"https:\/\/www.cft-group.com\/wp-content\/uploads\/sites\/61\/2024\/02\/cral_header.png","datePublished":"2022-12-19T10:32:14+00:00","dateModified":"2025-09-03T08:07:28+00:00","author":{"@id":"https:\/\/www.cft-group.com\/es\/#\/schema\/person\/d7901b02e6e76106ec3b385f87adeed5"},"inLanguage":"es","potentialAction":[{"@type":"ReadAction","target":["https:\/\/www.cft-group.com\/es\/cft-cral-renacimiento-y-futuras-iniciativas\/"]}]},{"@type":"ImageObject","inLanguage":"es","@id":"https:\/\/www.cft-group.com\/es\/cft-cral-renacimiento-y-futuras-iniciativas\/#primaryimage","url":"https:\/\/www.cft-group.com\/wp-content\/uploads\/sites\/61\/2024\/02\/cral_header.png","contentUrl":"https:\/\/www.cft-group.com\/wp-content\/uploads\/sites\/61\/2024\/02\/cral_header.png","width":1920,"height":1080},{"@type":"WebSite","@id":"https:\/\/www.cft-group.com\/es\/#website","url":"https:\/\/www.cft-group.com\/es\/","name":"CFT Food Machinery","description":"","potentialAction":[{"@type":"SearchAction","target":{"@type":"EntryPoint","urlTemplate":"https:\/\/www.cft-group.com\/es\/?s={search_term_string}"},"query-input":{"@type":"PropertyValueSpecification","valueRequired":true,"valueName":"search_term_string"}}],"inLanguage":"es"},{"@type":"Person","@id":"https:\/\/www.cft-group.com\/es\/#\/schema\/person\/d7901b02e6e76106ec3b385f87adeed5","name":"alessandro","image":{"@type":"ImageObject","inLanguage":"es","@id":"https:\/\/www.cft-group.com\/es\/#\/schema\/person\/image\/","url":"https:\/\/secure.gravatar.com\/avatar\/389b3c20dea50b547c67d4dad3396483c7a5899a3f8d7b63fd3abe2589ffc9ea?s=96&d=mm&r=g","contentUrl":"https:\/\/secure.gravatar.com\/avatar\/389b3c20dea50b547c67d4dad3396483c7a5899a3f8d7b63fd3abe2589ffc9ea?s=96&d=mm&r=g","caption":"alessandro"},"url":"https:\/\/www.cft-group.com\/es\/author\/alessandro\/"}]}},"acf":[],"jetpack_featured_media_url":"https:\/\/www.cft-group.com\/wp-content\/uploads\/sites\/61\/2024\/02\/cral_header.png","jetpack_sharing_enabled":true,"_links":{"self":[{"href":"https:\/\/www.cft-group.com\/es\/wp-json\/wp\/v2\/posts\/8770","targetHints":{"allow":["GET"]}}],"collection":[{"href":"https:\/\/www.cft-group.com\/es\/wp-json\/wp\/v2\/posts"}],"about":[{"href":"https:\/\/www.cft-group.com\/es\/wp-json\/wp\/v2\/types\/post"}],"author":[{"embeddable":true,"href":"https:\/\/www.cft-group.com\/es\/wp-json\/wp\/v2\/users\/236"}],"replies":[{"embeddable":true,"href":"https:\/\/www.cft-group.com\/es\/wp-json\/wp\/v2\/comments?post=8770"}],"version-history":[{"count":11,"href":"https:\/\/www.cft-group.com\/es\/wp-json\/wp\/v2\/posts\/8770\/revisions"}],"predecessor-version":[{"id":9058,"href":"https:\/\/www.cft-group.com\/es\/wp-json\/wp\/v2\/posts\/8770\/revisions\/9058"}],"wp:featuredmedia":[{"embeddable":true,"href":"https:\/\/www.cft-group.com\/es\/wp-json\/wp\/v2\/media\/8771"}],"wp:attachment":[{"href":"https:\/\/www.cft-group.com\/es\/wp-json\/wp\/v2\/media?parent=8770"}],"wp:term":[{"taxonomy":"category","embeddable":true,"href":"https:\/\/www.cft-group.com\/es\/wp-json\/wp\/v2\/categories?post=8770"},{"taxonomy":"post_tag","embeddable":true,"href":"https:\/\/www.cft-group.com\/es\/wp-json\/wp\/v2\/tags?post=8770"}],"curies":[{"name":"wp","href":"https:\/\/api.w.org\/{rel}","templated":true}]}}