{"id":9003,"date":"2021-12-17T12:15:45","date_gmt":"2021-12-17T12:15:45","guid":{"rendered":"https:\/\/www.cft-group.com\/mensaje-de-fin-de-ano-del-ceo-de-cft-group\/"},"modified":"2025-09-03T08:11:17","modified_gmt":"2025-09-03T08:11:17","slug":"mensaje-de-fin-de-ano-del-ceo-de-cft-group","status":"publish","type":"post","link":"https:\/\/www.cft-group.com\/es\/mensaje-de-fin-de-ano-del-ceo-de-cft-group\/","title":{"rendered":"Mensaje de fin de a\u00f1o del CEO de CFT Group"},"content":{"rendered":"&#13;\n<p>Hola a todos:<\/p>&#13;\n&#13;\n<p>Ahora que este a\u00f1o toca a su fin, me gustar\u00eda aprovechar esta oportunidad para compartir algunas reflexiones con vosotros.<br\/>Sin duda, el t\u00e9rmino que mejor resume estos dos \u00faltimos a\u00f1os es \u00abcambio\u00bb. Todo aquello a lo que est\u00e1bamos acostumbrados antes de 2020 ha cambiado profundamente, algunas de nuestras certezas se han desmoronado de repente, y todos nos hemos visto obligados a enfrentarnos a diario con una situaci\u00f3n nueva, diferente, a la que no est\u00e1bamos acostumbrados, una nueva normalidad con la que convivimos desde hace casi dos a\u00f1os con diferente suerte. En este contexto, hemos sabido adaptarnos, hemos encontrado soluciones a los retos y dificultades cotidianos, hemos sido capaces de impulsar el negocio con \u00e9xito permaneciendo siempre al lado de nuestros clientes, y por todo ello os doy las gracias.<br\/><\/p>&#13;\n&#13;\n<p>Como ya he dicho, hubieron cambios externos, pero sobre todo fueron internos. Desde que CFT pas\u00f3 a formar parte del grupo ATS, hemos iniciado un camino gradual de integraci\u00f3n que os ha implicado a cada uno de vosotros en vuestro d\u00eda a d\u00eda, un camino ciertamente dictado en parte por la necesidad de armonizaci\u00f3n con las normas y procedimientos del grupo, pero sobre todo dirigido a una adaptaci\u00f3n cultural que necesariamente lleva tiempo pero que es esencial para iniciar un nuevo desarrollo de CFT dentro de la familia ATS.<br\/><\/p>&#13;\n&#13;\n<p>En los \u00faltimos meses, como habr\u00e9is podido notar, se han producido varios cambios en la organizaci\u00f3n, cambios que consider\u00e1bamos esenciales para reducir la distancia con nuestros clientes, dar respuestas m\u00e1s inmediatas y de calidad, y tratar de resolver los problemas con mayor facilidad. Cambiar significa reflexionar sobre el hecho de que puede haber una forma mejor de hacer las cosas, y tenemos que averiguar cada d\u00eda c\u00f3mo mejorar para mantener la ventaja competitiva que siempre ha distinguido a CFT. <\/p>&#13;\n&#13;\n<p>Pero no basta con cambiar la organizaci\u00f3n para mejorar, es necesario asegurarse de que cada engranaje de la m\u00e1quina funciona correctamente en armon\u00eda global, y en esto estoy convencido de que la aplicaci\u00f3n del ABM puede hacer una aportaci\u00f3n fundamental; m\u00e1s all\u00e1 de las herramientas espec\u00edficas, se trata de aplicar el sentido com\u00fan seg\u00fan criterios estrictos, para identificar problemas o ineficiencias y definir despu\u00e9s soluciones a corto y medio plazo. Como en todo, se trata de un proceso de mejora continua que traer\u00e1 progresos a medida que se vaya implantando, pero, por supuesto, \u00a1el \u00e9xito depender\u00e1 solo de nosotros!<br\/><\/p>&#13;\n&#13;\n<p>Desde el punto de vista empresarial, miramos al futuro con optimismo: por un lado, nuestros clientes del Food &amp; Beverage han planificado o est\u00e1n planificando varias inversiones para aumentar sus l\u00edneas de producci\u00f3n de acuerdo con l\u00f3gicas de flexibilidad y eficiencia energ\u00e9tica; por otro lado, como bien sabr\u00e9is, en los \u00faltimos a\u00f1os hemos realizado importantes esfuerzos para innovar tanto en tecnolog\u00edas de procesado como de packaging, por lo que creemos estar en una posici\u00f3n privilegiada para aprovechar la oportunidad, en un momento de recuperaci\u00f3n general en el que el sector del Food &amp; Beverage es sin duda uno de los protagonistas.<br\/><\/p>&#13;\n&#13;\n<p>Con esto, creo sinceramente que estamos en el \u00ablado soleado de la monta\u00f1a\u00bb, as\u00ed que lo \u00fanico que nos queda es aunar las energ\u00edas de todos para seguir reforzando el proyecto CFT.<br\/><\/p>&#13;\n&#13;\n<p>Solo me queda desearos unas felices fiestas a vosotros y a vuestras familias.<\/p>&#13;\n&#13;\n<p class=\"has-text-align-right\">Alessandro Merusi<\/p>&#13;\n","protected":false},"excerpt":{"rendered":"<p>&#13; Hola a todos: &#13; &#13; Ahora que este a\u00f1o toca a su fin, me gustar\u00eda aprovechar esta oportunidad para compartir algunas reflexiones con vosotros.Sin duda, el t\u00e9rmino que mejor resume estos dos \u00faltimos a\u00f1os es \u00abcambio\u00bb. Todo aquello a lo que est\u00e1bamos acostumbrados antes de 2020 ha cambiado profundamente, algunas de nuestras certezas se [&hellip;]<\/p>\n","protected":false},"author":236,"featured_media":9089,"comment_status":"open","ping_status":"open","sticky":false,"template":"","format":"standard","meta":{"_acf_changed":false,"_cr_original_post":"","_cr_replace_post_id":"","_cr_replacing_post_id":"","_jetpack_memberships_contains_paid_content":false,"footnotes":""},"categories":[1],"tags":[],"class_list":["post-9003","post","type-post","status-publish","format-standard","has-post-thumbnail","hentry","category-uncategorized","story-type-innovation-culture","topic-other-news"],"yoast_head":"<!-- This site is optimized with the Yoast SEO Premium plugin v26.8 (Yoast SEO v26.8) - https:\/\/yoast.com\/product\/yoast-seo-premium-wordpress\/ -->\n<title>Mensaje de fin de a\u00f1o del CEO de CFT Group - CFT Food Machinery<\/title>\n<meta name=\"robots\" content=\"index, follow, max-snippet:-1, max-image-preview:large, max-video-preview:-1\" \/>\n<link rel=\"canonical\" href=\"https:\/\/www.cft-group.com\/es\/mensaje-de-fin-de-ano-del-ceo-de-cft-group\/\" \/>\n<meta property=\"og:locale\" content=\"es_ES\" \/>\n<meta property=\"og:type\" content=\"article\" \/>\n<meta property=\"og:title\" content=\"Mensaje de fin de a\u00f1o del CEO de CFT Group - CFT Food Machinery\" \/>\n<meta property=\"og:description\" content=\"&#013; Hola a todos: &#013; &#013; Ahora que este a\u00f1o toca a su fin, me gustar\u00eda aprovechar esta oportunidad para compartir algunas reflexiones con vosotros.Sin duda, el t\u00e9rmino que mejor resume estos dos \u00faltimos a\u00f1os es \u00abcambio\u00bb. Todo aquello a lo que est\u00e1bamos acostumbrados antes de 2020 ha cambiado profundamente, algunas de nuestras certezas se [&hellip;]\" \/>\n<meta property=\"og:url\" content=\"https:\/\/www.cft-group.com\/es\/mensaje-de-fin-de-ano-del-ceo-de-cft-group\/\" \/>\n<meta property=\"og:site_name\" content=\"CFT Food Machinery\" \/>\n<meta property=\"article:published_time\" content=\"2021-12-17T12:15:45+00:00\" \/>\n<meta property=\"article:modified_time\" content=\"2025-09-03T08:11:17+00:00\" \/>\n<meta property=\"og:image\" content=\"https:\/\/www.cft-group.com\/wp-content\/uploads\/sites\/61\/2024\/02\/Merusi_CFT.jpg\" \/>\n\t<meta property=\"og:image:width\" content=\"1920\" \/>\n\t<meta property=\"og:image:height\" content=\"1080\" \/>\n\t<meta property=\"og:image:type\" content=\"image\/jpeg\" \/>\n<meta name=\"author\" content=\"alessandro\" \/>\n<meta name=\"twitter:card\" content=\"summary_large_image\" \/>\n<meta name=\"twitter:label1\" content=\"Escrito por\" \/>\n\t<meta name=\"twitter:data1\" content=\"alessandro\" \/>\n\t<meta name=\"twitter:label2\" content=\"Tiempo de lectura\" \/>\n\t<meta name=\"twitter:data2\" content=\"3 minutos\" \/>\n<script type=\"application\/ld+json\" class=\"yoast-schema-graph\">{\"@context\":\"https:\/\/schema.org\",\"@graph\":[{\"@type\":\"Article\",\"@id\":\"https:\/\/www.cft-group.com\/es\/mensaje-de-fin-de-ano-del-ceo-de-cft-group\/#article\",\"isPartOf\":{\"@id\":\"https:\/\/www.cft-group.com\/es\/mensaje-de-fin-de-ano-del-ceo-de-cft-group\/\"},\"author\":{\"name\":\"alessandro\",\"@id\":\"https:\/\/www.cft-group.com\/es\/#\/schema\/person\/d7901b02e6e76106ec3b385f87adeed5\"},\"headline\":\"Mensaje de fin de a\u00f1o del CEO de CFT Group\",\"datePublished\":\"2021-12-17T12:15:45+00:00\",\"dateModified\":\"2025-09-03T08:11:17+00:00\",\"mainEntityOfPage\":{\"@id\":\"https:\/\/www.cft-group.com\/es\/mensaje-de-fin-de-ano-del-ceo-de-cft-group\/\"},\"wordCount\":598,\"commentCount\":0,\"image\":{\"@id\":\"https:\/\/www.cft-group.com\/es\/mensaje-de-fin-de-ano-del-ceo-de-cft-group\/#primaryimage\"},\"thumbnailUrl\":\"https:\/\/www.cft-group.com\/wp-content\/uploads\/sites\/61\/2024\/02\/Merusi_CFT.jpg\",\"articleSection\":[\"Uncategorized\"],\"inLanguage\":\"es\",\"potentialAction\":[{\"@type\":\"CommentAction\",\"name\":\"Comment\",\"target\":[\"https:\/\/www.cft-group.com\/es\/mensaje-de-fin-de-ano-del-ceo-de-cft-group\/#respond\"]}]},{\"@type\":\"WebPage\",\"@id\":\"https:\/\/www.cft-group.com\/es\/mensaje-de-fin-de-ano-del-ceo-de-cft-group\/\",\"url\":\"https:\/\/www.cft-group.com\/es\/mensaje-de-fin-de-ano-del-ceo-de-cft-group\/\",\"name\":\"Mensaje de fin de a\u00f1o del CEO de CFT Group - CFT Food Machinery\",\"isPartOf\":{\"@id\":\"https:\/\/www.cft-group.com\/es\/#website\"},\"primaryImageOfPage\":{\"@id\":\"https:\/\/www.cft-group.com\/es\/mensaje-de-fin-de-ano-del-ceo-de-cft-group\/#primaryimage\"},\"image\":{\"@id\":\"https:\/\/www.cft-group.com\/es\/mensaje-de-fin-de-ano-del-ceo-de-cft-group\/#primaryimage\"},\"thumbnailUrl\":\"https:\/\/www.cft-group.com\/wp-content\/uploads\/sites\/61\/2024\/02\/Merusi_CFT.jpg\",\"datePublished\":\"2021-12-17T12:15:45+00:00\",\"dateModified\":\"2025-09-03T08:11:17+00:00\",\"author\":{\"@id\":\"https:\/\/www.cft-group.com\/es\/#\/schema\/person\/d7901b02e6e76106ec3b385f87adeed5\"},\"inLanguage\":\"es\",\"potentialAction\":[{\"@type\":\"ReadAction\",\"target\":[\"https:\/\/www.cft-group.com\/es\/mensaje-de-fin-de-ano-del-ceo-de-cft-group\/\"]}]},{\"@type\":\"ImageObject\",\"inLanguage\":\"es\",\"@id\":\"https:\/\/www.cft-group.com\/es\/mensaje-de-fin-de-ano-del-ceo-de-cft-group\/#primaryimage\",\"url\":\"https:\/\/www.cft-group.com\/wp-content\/uploads\/sites\/61\/2024\/02\/Merusi_CFT.jpg\",\"contentUrl\":\"https:\/\/www.cft-group.com\/wp-content\/uploads\/sites\/61\/2024\/02\/Merusi_CFT.jpg\",\"width\":1920,\"height\":1080},{\"@type\":\"WebSite\",\"@id\":\"https:\/\/www.cft-group.com\/es\/#website\",\"url\":\"https:\/\/www.cft-group.com\/es\/\",\"name\":\"CFT Food Machinery\",\"description\":\"\",\"potentialAction\":[{\"@type\":\"SearchAction\",\"target\":{\"@type\":\"EntryPoint\",\"urlTemplate\":\"https:\/\/www.cft-group.com\/es\/?s={search_term_string}\"},\"query-input\":{\"@type\":\"PropertyValueSpecification\",\"valueRequired\":true,\"valueName\":\"search_term_string\"}}],\"inLanguage\":\"es\"},{\"@type\":\"Person\",\"@id\":\"https:\/\/www.cft-group.com\/es\/#\/schema\/person\/d7901b02e6e76106ec3b385f87adeed5\",\"name\":\"alessandro\",\"image\":{\"@type\":\"ImageObject\",\"inLanguage\":\"es\",\"@id\":\"https:\/\/www.cft-group.com\/es\/#\/schema\/person\/image\/\",\"url\":\"https:\/\/secure.gravatar.com\/avatar\/389b3c20dea50b547c67d4dad3396483c7a5899a3f8d7b63fd3abe2589ffc9ea?s=96&d=mm&r=g\",\"contentUrl\":\"https:\/\/secure.gravatar.com\/avatar\/389b3c20dea50b547c67d4dad3396483c7a5899a3f8d7b63fd3abe2589ffc9ea?s=96&d=mm&r=g\",\"caption\":\"alessandro\"},\"url\":\"https:\/\/www.cft-group.com\/es\/author\/alessandro\/\"}]}<\/script>\n<!-- \/ Yoast SEO Premium plugin. -->","yoast_head_json":{"title":"Mensaje de fin de a\u00f1o del CEO de CFT Group - CFT Food Machinery","robots":{"index":"index","follow":"follow","max-snippet":"max-snippet:-1","max-image-preview":"max-image-preview:large","max-video-preview":"max-video-preview:-1"},"canonical":"https:\/\/www.cft-group.com\/es\/mensaje-de-fin-de-ano-del-ceo-de-cft-group\/","og_locale":"es_ES","og_type":"article","og_title":"Mensaje de fin de a\u00f1o del CEO de CFT Group - CFT Food Machinery","og_description":"&#13; Hola a todos: &#13; &#13; Ahora que este a\u00f1o toca a su fin, me gustar\u00eda aprovechar esta oportunidad para compartir algunas reflexiones con vosotros.Sin duda, el t\u00e9rmino que mejor resume estos dos \u00faltimos a\u00f1os es \u00abcambio\u00bb. Todo aquello a lo que est\u00e1bamos acostumbrados antes de 2020 ha cambiado profundamente, algunas de nuestras certezas se [&hellip;]","og_url":"https:\/\/www.cft-group.com\/es\/mensaje-de-fin-de-ano-del-ceo-de-cft-group\/","og_site_name":"CFT Food Machinery","article_published_time":"2021-12-17T12:15:45+00:00","article_modified_time":"2025-09-03T08:11:17+00:00","og_image":[{"width":1920,"height":1080,"url":"https:\/\/www.cft-group.com\/wp-content\/uploads\/sites\/61\/2024\/02\/Merusi_CFT.jpg","type":"image\/jpeg"}],"author":"alessandro","twitter_card":"summary_large_image","twitter_misc":{"Escrito por":"alessandro","Tiempo de lectura":"3 minutos"},"schema":{"@context":"https:\/\/schema.org","@graph":[{"@type":"Article","@id":"https:\/\/www.cft-group.com\/es\/mensaje-de-fin-de-ano-del-ceo-de-cft-group\/#article","isPartOf":{"@id":"https:\/\/www.cft-group.com\/es\/mensaje-de-fin-de-ano-del-ceo-de-cft-group\/"},"author":{"name":"alessandro","@id":"https:\/\/www.cft-group.com\/es\/#\/schema\/person\/d7901b02e6e76106ec3b385f87adeed5"},"headline":"Mensaje de fin de a\u00f1o del CEO de CFT Group","datePublished":"2021-12-17T12:15:45+00:00","dateModified":"2025-09-03T08:11:17+00:00","mainEntityOfPage":{"@id":"https:\/\/www.cft-group.com\/es\/mensaje-de-fin-de-ano-del-ceo-de-cft-group\/"},"wordCount":598,"commentCount":0,"image":{"@id":"https:\/\/www.cft-group.com\/es\/mensaje-de-fin-de-ano-del-ceo-de-cft-group\/#primaryimage"},"thumbnailUrl":"https:\/\/www.cft-group.com\/wp-content\/uploads\/sites\/61\/2024\/02\/Merusi_CFT.jpg","articleSection":["Uncategorized"],"inLanguage":"es","potentialAction":[{"@type":"CommentAction","name":"Comment","target":["https:\/\/www.cft-group.com\/es\/mensaje-de-fin-de-ano-del-ceo-de-cft-group\/#respond"]}]},{"@type":"WebPage","@id":"https:\/\/www.cft-group.com\/es\/mensaje-de-fin-de-ano-del-ceo-de-cft-group\/","url":"https:\/\/www.cft-group.com\/es\/mensaje-de-fin-de-ano-del-ceo-de-cft-group\/","name":"Mensaje de fin de a\u00f1o del CEO de CFT Group - CFT Food Machinery","isPartOf":{"@id":"https:\/\/www.cft-group.com\/es\/#website"},"primaryImageOfPage":{"@id":"https:\/\/www.cft-group.com\/es\/mensaje-de-fin-de-ano-del-ceo-de-cft-group\/#primaryimage"},"image":{"@id":"https:\/\/www.cft-group.com\/es\/mensaje-de-fin-de-ano-del-ceo-de-cft-group\/#primaryimage"},"thumbnailUrl":"https:\/\/www.cft-group.com\/wp-content\/uploads\/sites\/61\/2024\/02\/Merusi_CFT.jpg","datePublished":"2021-12-17T12:15:45+00:00","dateModified":"2025-09-03T08:11:17+00:00","author":{"@id":"https:\/\/www.cft-group.com\/es\/#\/schema\/person\/d7901b02e6e76106ec3b385f87adeed5"},"inLanguage":"es","potentialAction":[{"@type":"ReadAction","target":["https:\/\/www.cft-group.com\/es\/mensaje-de-fin-de-ano-del-ceo-de-cft-group\/"]}]},{"@type":"ImageObject","inLanguage":"es","@id":"https:\/\/www.cft-group.com\/es\/mensaje-de-fin-de-ano-del-ceo-de-cft-group\/#primaryimage","url":"https:\/\/www.cft-group.com\/wp-content\/uploads\/sites\/61\/2024\/02\/Merusi_CFT.jpg","contentUrl":"https:\/\/www.cft-group.com\/wp-content\/uploads\/sites\/61\/2024\/02\/Merusi_CFT.jpg","width":1920,"height":1080},{"@type":"WebSite","@id":"https:\/\/www.cft-group.com\/es\/#website","url":"https:\/\/www.cft-group.com\/es\/","name":"CFT Food Machinery","description":"","potentialAction":[{"@type":"SearchAction","target":{"@type":"EntryPoint","urlTemplate":"https:\/\/www.cft-group.com\/es\/?s={search_term_string}"},"query-input":{"@type":"PropertyValueSpecification","valueRequired":true,"valueName":"search_term_string"}}],"inLanguage":"es"},{"@type":"Person","@id":"https:\/\/www.cft-group.com\/es\/#\/schema\/person\/d7901b02e6e76106ec3b385f87adeed5","name":"alessandro","image":{"@type":"ImageObject","inLanguage":"es","@id":"https:\/\/www.cft-group.com\/es\/#\/schema\/person\/image\/","url":"https:\/\/secure.gravatar.com\/avatar\/389b3c20dea50b547c67d4dad3396483c7a5899a3f8d7b63fd3abe2589ffc9ea?s=96&d=mm&r=g","contentUrl":"https:\/\/secure.gravatar.com\/avatar\/389b3c20dea50b547c67d4dad3396483c7a5899a3f8d7b63fd3abe2589ffc9ea?s=96&d=mm&r=g","caption":"alessandro"},"url":"https:\/\/www.cft-group.com\/es\/author\/alessandro\/"}]}},"acf":[],"jetpack_featured_media_url":"https:\/\/www.cft-group.com\/wp-content\/uploads\/sites\/61\/2024\/02\/Merusi_CFT.jpg","jetpack_sharing_enabled":true,"_links":{"self":[{"href":"https:\/\/www.cft-group.com\/es\/wp-json\/wp\/v2\/posts\/9003","targetHints":{"allow":["GET"]}}],"collection":[{"href":"https:\/\/www.cft-group.com\/es\/wp-json\/wp\/v2\/posts"}],"about":[{"href":"https:\/\/www.cft-group.com\/es\/wp-json\/wp\/v2\/types\/post"}],"author":[{"embeddable":true,"href":"https:\/\/www.cft-group.com\/es\/wp-json\/wp\/v2\/users\/236"}],"replies":[{"embeddable":true,"href":"https:\/\/www.cft-group.com\/es\/wp-json\/wp\/v2\/comments?post=9003"}],"version-history":[{"count":3,"href":"https:\/\/www.cft-group.com\/es\/wp-json\/wp\/v2\/posts\/9003\/revisions"}],"predecessor-version":[{"id":9091,"href":"https:\/\/www.cft-group.com\/es\/wp-json\/wp\/v2\/posts\/9003\/revisions\/9091"}],"wp:featuredmedia":[{"embeddable":true,"href":"https:\/\/www.cft-group.com\/es\/wp-json\/wp\/v2\/media\/9089"}],"wp:attachment":[{"href":"https:\/\/www.cft-group.com\/es\/wp-json\/wp\/v2\/media?parent=9003"}],"wp:term":[{"taxonomy":"category","embeddable":true,"href":"https:\/\/www.cft-group.com\/es\/wp-json\/wp\/v2\/categories?post=9003"},{"taxonomy":"post_tag","embeddable":true,"href":"https:\/\/www.cft-group.com\/es\/wp-json\/wp\/v2\/tags?post=9003"}],"curies":[{"name":"wp","href":"https:\/\/api.w.org\/{rel}","templated":true}]}}