{"id":9037,"date":"2020-11-24T10:44:39","date_gmt":"2020-11-24T10:44:39","guid":{"rendered":"https:\/\/www.cft-group.com\/coronavirus-afrontemos-juntos-el-cambio\/"},"modified":"2025-12-12T14:07:25","modified_gmt":"2025-12-12T14:07:25","slug":"coronavirus-afrontemos-juntos-el-cambio","status":"publish","type":"post","link":"https:\/\/www.cft-group.com\/es\/coronavirus-afrontemos-juntos-el-cambio\/","title":{"rendered":"Coronavirus: afrontemos juntos el cambio."},"content":{"rendered":"\r\n<p>En la CFT Magazine del a\u00f1o pasado, varios art\u00edculos hablaban del \u00abtiempo dedicado en la empresa\u00bb y de la \u00abpasi\u00f3n\u00bb\u00bb que cada persona de CFT Group pone en estar presente y activo en su departamento.<\/p>\r\n\r\n\r\n\r\n<p>Es f\u00e1cil ver c\u00f3mo, durante los \u00faltimos meses de la pandemia del Coronavirus, todas nuestras rutinas, nuestras piedras angulares, nuestras certezas laborales (y no laborales) han sido puestas a prueba dentro de un escenario que nos ha sacudido a todos, que nos ha obligado a ponernos completamente en juego. Para muchos de nosotros, la presencia f\u00edsica en la empresa casi ha desaparecido y hemos tenido que aprender nuevas herramientas y formas de hacer mejor nuestro trabajo.<\/p>\r\n\r\n\r\n\r\n<p>El Coronavirus no solo ha sido una emergencia sanitaria mundial. En nuestra experiencia cotidiana, tambi\u00e9n ha sido un importante motor de cambio que ha transformado radicalmente el comportamiento individual y social. Cada uno de nosotros se ha visto obligado a aceptar condiciones de trabajo diferentes, aislamiento social, formas distintas de relacionarse, nuevos comportamientos de compra, gesti\u00f3n familiar y ocupaci\u00f3n del tiempo libre.<\/p>\r\n\r\n\r\n\r\n<p>En cuanto al trabajo, \u00bfqu\u00e9 ha supuesto?<\/p>\r\n\r\n\r\n\r\n<h5 class=\"wp-block-heading\"><strong><strong>Lugares e identidad social<\/strong><\/strong><\/h5>\r\n\r\n\r\n\r\n<p>El soci\u00f3logo alem\u00e1n <strong>Ferdinand T\u00f6nnies<\/strong> distingu\u00eda los grupos sociales en dos grandes categor\u00edas: <em>sociedad <\/em>y <em>comunidad<\/em>.<\/p>\r\n\r\n\r\n\r\n<p>La <strong>sociedad<\/strong> se basa en <strong>lazos d\u00e9biles<\/strong>: un conjunto de individuos que se re\u00fanen por razones ocasionales o instrumentales \u2014por ejemplo, la compra de bienes, la prestaci\u00f3n de servicios\u2014 y acuerdan regirse por una serie de principios comunes. Por eso, las relaciones entre los sujetos no tienen que ver con las distintas individualidades, sino solo con su rendimiento.<br \/>En cambio, las unidades familiares, los grupos de amigos, las asociaciones deportivas y, s\u00ed, incluso las entidades corporativas, se constituyen como comunidades.<\/p>\r\n\r\n\r\n\r\n<p>Lo que crea comunidades son lazos fuertes: de sangre (familia y parentesco), afectivos (relaciones) y de lugar (compartir espacios). En la base de la comunidad tenemos una relaci\u00f3n mutua sentida por los participantes y fundada en una convivencia duradera, \u00edntima y exclusiva. El resultado es un v\u00ednculo que hace que los miembros se parezcan entre s\u00ed y crea una uni\u00f3n permanente.<\/p>\r\n\r\n\r\n\r\n<p>Como explica la psicolog\u00eda social, el concepto de comunidad est\u00e1 estrechamente ligado al de lugar, y recientemente el matrimonio Moser (galardonado con el Premio Nobel de Medicina) ha comprendido por qu\u00e9: nuestro cerebro tiene la capacidad innata de reconocer los lugares f\u00edsicos y las personas que hay en ellos. De hecho, tenemos varias neuronas que pueden reconocer inmediatamente tanto los l\u00edmites que nos rodean (c\u00e9lulas de lugar y c\u00e9lulas de cuadr\u00edcula) como la posici\u00f3n de otras personas dentro de ellos (c\u00e9lulas de posici\u00f3n social).<\/p>\r\n\r\n\r\n\r\n<p>Esta capacidad desempe\u00f1a un papel central en el funcionamiento de nuestra memoria, sobre todo la autobiogr\u00e1fica, porque utiliza los lugares para construir nuestra identidad social. Somos trabajadores porque vamos a trabajar, somos estudiantes porque vamos a la escuela, somos hinchas porque vamos al estadio, somos pacientes porque estamos en el hospital, etc\u00e9tera.<br \/>Lo que muchos de nosotros hemos descubierto por nuestra cuenta es que no vivir en el lugar de trabajo dificulta la creaci\u00f3n de un sentimiento de comunidad. Pensad, por ejemplo, en las videoconferencias: no hay duda de que no es lo mismo hablar con un compa\u00f1ero de trabajo por Teams que charlar con \u00e9l tomando un caf\u00e9.<\/p>\r\n\r\n\r\n\r\n<p>Teams, Zoom, Meet no son lugares y no activan neuronas espaciales.<br \/>Sin lugares, nuestra memoria autobiogr\u00e1fica no se actualiza, lo que nos deja con la sensaci\u00f3n de que pasamos muchos d\u00edas siempre igual, debilitando la sensaci\u00f3n de formar parte de una misma comunidad.<\/p>\r\n\r\n\r\n\r\n<h5 class=\"wp-block-heading\"><strong>Afrontar el cambio<\/strong><\/h5>\r\n\r\n\r\n\r\n<p>Somos personas con necesidad de evolucionar. En un entorno en constante cambio, perder el desaf\u00edo del cambio significa aferrarse a viejos patrones mentales que ya no funcionan, alimentando los miedos y la frustraci\u00f3n en las distintas \u00e1reas que caracterizan nuestras vidas.<\/p>\r\n\r\n\r\n\r\n<p>Los esquemas mentales adquiridos a lo largo de los a\u00f1os aportan seguridad y lo hacen independientemente de su eficacia. Cuestionarlos es desprenderse de cierta seguridad a la espera de consolidar nuevos patrones m\u00e1s funcionales a nuestros objetivos.<\/p>\r\n\r\n\r\n\r\n<p>El primer paso es la concienciaci\u00f3n: \u00bfcu\u00e1ntas veces hemos o\u00eddo la frase \u00abel primer paso para resolver un problema es darse cuenta de que existe un problema\u00bb? Es el momento de abrazar la sensaci\u00f3n de p\u00e9rdida y desorientaci\u00f3n que estamos experimentando, buscando nuevos puntos fijos y reformulando lo que entendemos como el significado de comunidad.<\/p>\r\n\r\n\r\n\r\n<p>Esta es la intenci\u00f3n que ha acompa\u00f1ado a CFT Group en los \u00faltimos meses y que seguiremos persiguiendo en 2021.<\/p>\r\n\r\n\r\n\r\n<h5 class=\"wp-block-heading\"><strong><strong>Las actividades de RRHH en este nuevo contexto<\/strong><\/strong><\/h5>\r\n\r\n\r\n\r\n<p>Para ello, el Departamento de RRHH experiment\u00f3 en 2020 un proceso de evoluci\u00f3n constante con vistas a mejorar sus funciones. Con el objetivo primordial de ofrecer una gesti\u00f3n integral de los empleados, se est\u00e1 estructurando cada vez m\u00e1s como una funci\u00f3n del Grupo que presta apoyo a todas las filiales en lo que respecta a los aspectos de administraci\u00f3n, organizaci\u00f3n y desarrollo del personal.<\/p>\r\n\r\n\r\n\r\n<p>Se adoptaron nuevos m\u00e9todos, nuevos programas, nuevos enfoques para las nuevas necesidades identificadas. Desde el importante esfuerzo que supone el registro inteligente de la asistencia al trabajo, pasando por la gesti\u00f3n de los desplazamientos por parte de la funci\u00f3n Travel, hasta el cuidado del protocolo de seguridad.<\/p>\r\n\r\n\r\n\r\n<p>La formaci\u00f3n est\u00e1 migrando del aprendizaje presencial al digital, manteniendo al mismo tiempo un alto grado de compromiso por parte de los participantes. Las actividades de comunicaci\u00f3n se han reforzado con la colaboraci\u00f3n del departamento de marketing,<\/p>\r\n\r\n\r\n\r\n<p>como las gu\u00edas Smart, <a href=\"https:\/\/www.linkedin.com\/company\/cft_group\/\" target=\"_blank\" rel=\"noreferrer noopener\" aria-label=\"undefined (apri in una nuova scheda)\">LinkedIn<\/a> y la <a href=\"https:\/\/www.cft-group.com\/es\/trabaja-con-nosotros\/\" target=\"_blank\" rel=\"noreferrer noopener\" aria-label=\"undefined (apri in una nuova scheda)\">reorganizaci\u00f3n de la p\u00e1gina web de la empresa<\/a>.<\/p>\r\n\r\n\r\n\r\n<p>Nuestro mejor deseo para 2021 es aprovechar los cambios que se est\u00e1n produciendo como una gran oportunidad de crecimiento. Hag\u00e1moslo todos juntos como comunidad.<\/p>\r\n","protected":false},"excerpt":{"rendered":"<p>En la CFT Magazine del a\u00f1o pasado, varios art\u00edculos hablaban del \u00abtiempo dedicado en la empresa\u00bb y de la \u00abpasi\u00f3n\u00bb\u00bb que cada persona de CFT Group pone en estar presente y activo en su departamento. Es f\u00e1cil ver c\u00f3mo, durante los \u00faltimos meses de la pandemia del Coronavirus, todas nuestras rutinas, nuestras piedras angulares, nuestras [&hellip;]<\/p>\n","protected":false},"author":236,"featured_media":9139,"comment_status":"open","ping_status":"open","sticky":false,"template":"","format":"standard","meta":{"_acf_changed":false,"_cr_original_post":"","_cr_replace_post_id":"","_cr_replacing_post_id":"","_jetpack_memberships_contains_paid_content":false,"footnotes":""},"categories":[6],"tags":[],"class_list":["post-9037","post","type-post","status-publish","format-standard","has-post-thumbnail","hentry","category-sin-categorizar","story-type-innovacion-y-cultura","topic-otras-noticias"],"yoast_head":"<!-- This site is optimized with the Yoast SEO Premium plugin v26.8 (Yoast SEO v26.8) - https:\/\/yoast.com\/product\/yoast-seo-premium-wordpress\/ -->\n<title>Coronavirus: afrontemos juntos el cambio. - CFT Food Machinery<\/title>\n<meta name=\"robots\" content=\"index, follow, max-snippet:-1, max-image-preview:large, max-video-preview:-1\" \/>\n<link rel=\"canonical\" href=\"https:\/\/www.cft-group.com\/es\/coronavirus-afrontemos-juntos-el-cambio\/\" \/>\n<meta property=\"og:locale\" content=\"es_ES\" \/>\n<meta property=\"og:type\" content=\"article\" \/>\n<meta property=\"og:title\" content=\"Coronavirus: afrontemos juntos el cambio. - CFT Food Machinery\" \/>\n<meta property=\"og:description\" content=\"En la CFT Magazine del a\u00f1o pasado, varios art\u00edculos hablaban del \u00abtiempo dedicado en la empresa\u00bb y de la \u00abpasi\u00f3n\u00bb\u00bb que cada persona de CFT Group pone en estar presente y activo en su departamento. Es f\u00e1cil ver c\u00f3mo, durante los \u00faltimos meses de la pandemia del Coronavirus, todas nuestras rutinas, nuestras piedras angulares, nuestras [&hellip;]\" \/>\n<meta property=\"og:url\" content=\"https:\/\/www.cft-group.com\/es\/coronavirus-afrontemos-juntos-el-cambio\/\" \/>\n<meta property=\"og:site_name\" content=\"CFT Food Machinery\" \/>\n<meta property=\"article:published_time\" content=\"2020-11-24T10:44:39+00:00\" \/>\n<meta property=\"article:modified_time\" content=\"2025-12-12T14:07:25+00:00\" \/>\n<meta property=\"og:image\" content=\"https:\/\/www.cft-group.com\/wp-content\/uploads\/sites\/61\/2024\/02\/Human-Resources-CFTGroup.jpg\" \/>\n\t<meta property=\"og:image:width\" content=\"1920\" \/>\n\t<meta property=\"og:image:height\" content=\"1080\" \/>\n\t<meta property=\"og:image:type\" content=\"image\/jpeg\" \/>\n<meta name=\"author\" content=\"alessandro\" \/>\n<meta name=\"twitter:card\" content=\"summary_large_image\" \/>\n<meta name=\"twitter:label1\" content=\"Escrito por\" \/>\n\t<meta name=\"twitter:data1\" content=\"alessandro\" \/>\n\t<meta name=\"twitter:label2\" content=\"Tiempo de lectura\" \/>\n\t<meta name=\"twitter:data2\" content=\"5 minutos\" \/>\n<script type=\"application\/ld+json\" class=\"yoast-schema-graph\">{\"@context\":\"https:\/\/schema.org\",\"@graph\":[{\"@type\":\"Article\",\"@id\":\"https:\/\/www.cft-group.com\/es\/coronavirus-afrontemos-juntos-el-cambio\/#article\",\"isPartOf\":{\"@id\":\"https:\/\/www.cft-group.com\/es\/coronavirus-afrontemos-juntos-el-cambio\/\"},\"author\":{\"name\":\"alessandro\",\"@id\":\"https:\/\/www.cft-group.com\/es\/#\/schema\/person\/d7901b02e6e76106ec3b385f87adeed5\"},\"headline\":\"Coronavirus: afrontemos juntos el cambio.\",\"datePublished\":\"2020-11-24T10:44:39+00:00\",\"dateModified\":\"2025-12-12T14:07:25+00:00\",\"mainEntityOfPage\":{\"@id\":\"https:\/\/www.cft-group.com\/es\/coronavirus-afrontemos-juntos-el-cambio\/\"},\"wordCount\":997,\"commentCount\":0,\"image\":{\"@id\":\"https:\/\/www.cft-group.com\/es\/coronavirus-afrontemos-juntos-el-cambio\/#primaryimage\"},\"thumbnailUrl\":\"https:\/\/www.cft-group.com\/wp-content\/uploads\/sites\/61\/2024\/02\/Human-Resources-CFTGroup.jpg\",\"articleSection\":[\"Sin categorizar\"],\"inLanguage\":\"es\",\"potentialAction\":[{\"@type\":\"CommentAction\",\"name\":\"Comment\",\"target\":[\"https:\/\/www.cft-group.com\/es\/coronavirus-afrontemos-juntos-el-cambio\/#respond\"]}]},{\"@type\":\"WebPage\",\"@id\":\"https:\/\/www.cft-group.com\/es\/coronavirus-afrontemos-juntos-el-cambio\/\",\"url\":\"https:\/\/www.cft-group.com\/es\/coronavirus-afrontemos-juntos-el-cambio\/\",\"name\":\"Coronavirus: afrontemos juntos el cambio. - CFT Food Machinery\",\"isPartOf\":{\"@id\":\"https:\/\/www.cft-group.com\/es\/#website\"},\"primaryImageOfPage\":{\"@id\":\"https:\/\/www.cft-group.com\/es\/coronavirus-afrontemos-juntos-el-cambio\/#primaryimage\"},\"image\":{\"@id\":\"https:\/\/www.cft-group.com\/es\/coronavirus-afrontemos-juntos-el-cambio\/#primaryimage\"},\"thumbnailUrl\":\"https:\/\/www.cft-group.com\/wp-content\/uploads\/sites\/61\/2024\/02\/Human-Resources-CFTGroup.jpg\",\"datePublished\":\"2020-11-24T10:44:39+00:00\",\"dateModified\":\"2025-12-12T14:07:25+00:00\",\"author\":{\"@id\":\"https:\/\/www.cft-group.com\/es\/#\/schema\/person\/d7901b02e6e76106ec3b385f87adeed5\"},\"inLanguage\":\"es\",\"potentialAction\":[{\"@type\":\"ReadAction\",\"target\":[\"https:\/\/www.cft-group.com\/es\/coronavirus-afrontemos-juntos-el-cambio\/\"]}]},{\"@type\":\"ImageObject\",\"inLanguage\":\"es\",\"@id\":\"https:\/\/www.cft-group.com\/es\/coronavirus-afrontemos-juntos-el-cambio\/#primaryimage\",\"url\":\"https:\/\/www.cft-group.com\/wp-content\/uploads\/sites\/61\/2024\/02\/Human-Resources-CFTGroup.jpg\",\"contentUrl\":\"https:\/\/www.cft-group.com\/wp-content\/uploads\/sites\/61\/2024\/02\/Human-Resources-CFTGroup.jpg\",\"width\":1920,\"height\":1080},{\"@type\":\"WebSite\",\"@id\":\"https:\/\/www.cft-group.com\/es\/#website\",\"url\":\"https:\/\/www.cft-group.com\/es\/\",\"name\":\"CFT Food Machinery\",\"description\":\"\",\"potentialAction\":[{\"@type\":\"SearchAction\",\"target\":{\"@type\":\"EntryPoint\",\"urlTemplate\":\"https:\/\/www.cft-group.com\/es\/?s={search_term_string}\"},\"query-input\":{\"@type\":\"PropertyValueSpecification\",\"valueRequired\":true,\"valueName\":\"search_term_string\"}}],\"inLanguage\":\"es\"},{\"@type\":\"Person\",\"@id\":\"https:\/\/www.cft-group.com\/es\/#\/schema\/person\/d7901b02e6e76106ec3b385f87adeed5\",\"name\":\"alessandro\",\"image\":{\"@type\":\"ImageObject\",\"inLanguage\":\"es\",\"@id\":\"https:\/\/www.cft-group.com\/es\/#\/schema\/person\/image\/\",\"url\":\"https:\/\/secure.gravatar.com\/avatar\/389b3c20dea50b547c67d4dad3396483c7a5899a3f8d7b63fd3abe2589ffc9ea?s=96&d=mm&r=g\",\"contentUrl\":\"https:\/\/secure.gravatar.com\/avatar\/389b3c20dea50b547c67d4dad3396483c7a5899a3f8d7b63fd3abe2589ffc9ea?s=96&d=mm&r=g\",\"caption\":\"alessandro\"},\"url\":\"https:\/\/www.cft-group.com\/es\/author\/alessandro\/\"}]}<\/script>\n<!-- \/ Yoast SEO Premium plugin. -->","yoast_head_json":{"title":"Coronavirus: afrontemos juntos el cambio. - CFT Food Machinery","robots":{"index":"index","follow":"follow","max-snippet":"max-snippet:-1","max-image-preview":"max-image-preview:large","max-video-preview":"max-video-preview:-1"},"canonical":"https:\/\/www.cft-group.com\/es\/coronavirus-afrontemos-juntos-el-cambio\/","og_locale":"es_ES","og_type":"article","og_title":"Coronavirus: afrontemos juntos el cambio. - CFT Food Machinery","og_description":"En la CFT Magazine del a\u00f1o pasado, varios art\u00edculos hablaban del \u00abtiempo dedicado en la empresa\u00bb y de la \u00abpasi\u00f3n\u00bb\u00bb que cada persona de CFT Group pone en estar presente y activo en su departamento. Es f\u00e1cil ver c\u00f3mo, durante los \u00faltimos meses de la pandemia del Coronavirus, todas nuestras rutinas, nuestras piedras angulares, nuestras [&hellip;]","og_url":"https:\/\/www.cft-group.com\/es\/coronavirus-afrontemos-juntos-el-cambio\/","og_site_name":"CFT Food Machinery","article_published_time":"2020-11-24T10:44:39+00:00","article_modified_time":"2025-12-12T14:07:25+00:00","og_image":[{"width":1920,"height":1080,"url":"https:\/\/www.cft-group.com\/wp-content\/uploads\/sites\/61\/2024\/02\/Human-Resources-CFTGroup.jpg","type":"image\/jpeg"}],"author":"alessandro","twitter_card":"summary_large_image","twitter_misc":{"Escrito por":"alessandro","Tiempo de lectura":"5 minutos"},"schema":{"@context":"https:\/\/schema.org","@graph":[{"@type":"Article","@id":"https:\/\/www.cft-group.com\/es\/coronavirus-afrontemos-juntos-el-cambio\/#article","isPartOf":{"@id":"https:\/\/www.cft-group.com\/es\/coronavirus-afrontemos-juntos-el-cambio\/"},"author":{"name":"alessandro","@id":"https:\/\/www.cft-group.com\/es\/#\/schema\/person\/d7901b02e6e76106ec3b385f87adeed5"},"headline":"Coronavirus: afrontemos juntos el cambio.","datePublished":"2020-11-24T10:44:39+00:00","dateModified":"2025-12-12T14:07:25+00:00","mainEntityOfPage":{"@id":"https:\/\/www.cft-group.com\/es\/coronavirus-afrontemos-juntos-el-cambio\/"},"wordCount":997,"commentCount":0,"image":{"@id":"https:\/\/www.cft-group.com\/es\/coronavirus-afrontemos-juntos-el-cambio\/#primaryimage"},"thumbnailUrl":"https:\/\/www.cft-group.com\/wp-content\/uploads\/sites\/61\/2024\/02\/Human-Resources-CFTGroup.jpg","articleSection":["Sin categorizar"],"inLanguage":"es","potentialAction":[{"@type":"CommentAction","name":"Comment","target":["https:\/\/www.cft-group.com\/es\/coronavirus-afrontemos-juntos-el-cambio\/#respond"]}]},{"@type":"WebPage","@id":"https:\/\/www.cft-group.com\/es\/coronavirus-afrontemos-juntos-el-cambio\/","url":"https:\/\/www.cft-group.com\/es\/coronavirus-afrontemos-juntos-el-cambio\/","name":"Coronavirus: afrontemos juntos el cambio. - CFT Food Machinery","isPartOf":{"@id":"https:\/\/www.cft-group.com\/es\/#website"},"primaryImageOfPage":{"@id":"https:\/\/www.cft-group.com\/es\/coronavirus-afrontemos-juntos-el-cambio\/#primaryimage"},"image":{"@id":"https:\/\/www.cft-group.com\/es\/coronavirus-afrontemos-juntos-el-cambio\/#primaryimage"},"thumbnailUrl":"https:\/\/www.cft-group.com\/wp-content\/uploads\/sites\/61\/2024\/02\/Human-Resources-CFTGroup.jpg","datePublished":"2020-11-24T10:44:39+00:00","dateModified":"2025-12-12T14:07:25+00:00","author":{"@id":"https:\/\/www.cft-group.com\/es\/#\/schema\/person\/d7901b02e6e76106ec3b385f87adeed5"},"inLanguage":"es","potentialAction":[{"@type":"ReadAction","target":["https:\/\/www.cft-group.com\/es\/coronavirus-afrontemos-juntos-el-cambio\/"]}]},{"@type":"ImageObject","inLanguage":"es","@id":"https:\/\/www.cft-group.com\/es\/coronavirus-afrontemos-juntos-el-cambio\/#primaryimage","url":"https:\/\/www.cft-group.com\/wp-content\/uploads\/sites\/61\/2024\/02\/Human-Resources-CFTGroup.jpg","contentUrl":"https:\/\/www.cft-group.com\/wp-content\/uploads\/sites\/61\/2024\/02\/Human-Resources-CFTGroup.jpg","width":1920,"height":1080},{"@type":"WebSite","@id":"https:\/\/www.cft-group.com\/es\/#website","url":"https:\/\/www.cft-group.com\/es\/","name":"CFT Food Machinery","description":"","potentialAction":[{"@type":"SearchAction","target":{"@type":"EntryPoint","urlTemplate":"https:\/\/www.cft-group.com\/es\/?s={search_term_string}"},"query-input":{"@type":"PropertyValueSpecification","valueRequired":true,"valueName":"search_term_string"}}],"inLanguage":"es"},{"@type":"Person","@id":"https:\/\/www.cft-group.com\/es\/#\/schema\/person\/d7901b02e6e76106ec3b385f87adeed5","name":"alessandro","image":{"@type":"ImageObject","inLanguage":"es","@id":"https:\/\/www.cft-group.com\/es\/#\/schema\/person\/image\/","url":"https:\/\/secure.gravatar.com\/avatar\/389b3c20dea50b547c67d4dad3396483c7a5899a3f8d7b63fd3abe2589ffc9ea?s=96&d=mm&r=g","contentUrl":"https:\/\/secure.gravatar.com\/avatar\/389b3c20dea50b547c67d4dad3396483c7a5899a3f8d7b63fd3abe2589ffc9ea?s=96&d=mm&r=g","caption":"alessandro"},"url":"https:\/\/www.cft-group.com\/es\/author\/alessandro\/"}]}},"acf":[],"jetpack_featured_media_url":"https:\/\/www.cft-group.com\/wp-content\/uploads\/sites\/61\/2024\/02\/Human-Resources-CFTGroup.jpg","jetpack_sharing_enabled":true,"_links":{"self":[{"href":"https:\/\/www.cft-group.com\/es\/wp-json\/wp\/v2\/posts\/9037","targetHints":{"allow":["GET"]}}],"collection":[{"href":"https:\/\/www.cft-group.com\/es\/wp-json\/wp\/v2\/posts"}],"about":[{"href":"https:\/\/www.cft-group.com\/es\/wp-json\/wp\/v2\/types\/post"}],"author":[{"embeddable":true,"href":"https:\/\/www.cft-group.com\/es\/wp-json\/wp\/v2\/users\/236"}],"replies":[{"embeddable":true,"href":"https:\/\/www.cft-group.com\/es\/wp-json\/wp\/v2\/comments?post=9037"}],"version-history":[{"count":4,"href":"https:\/\/www.cft-group.com\/es\/wp-json\/wp\/v2\/posts\/9037\/revisions"}],"predecessor-version":[{"id":10476,"href":"https:\/\/www.cft-group.com\/es\/wp-json\/wp\/v2\/posts\/9037\/revisions\/10476"}],"wp:featuredmedia":[{"embeddable":true,"href":"https:\/\/www.cft-group.com\/es\/wp-json\/wp\/v2\/media\/9139"}],"wp:attachment":[{"href":"https:\/\/www.cft-group.com\/es\/wp-json\/wp\/v2\/media?parent=9037"}],"wp:term":[{"taxonomy":"category","embeddable":true,"href":"https:\/\/www.cft-group.com\/es\/wp-json\/wp\/v2\/categories?post=9037"},{"taxonomy":"post_tag","embeddable":true,"href":"https:\/\/www.cft-group.com\/es\/wp-json\/wp\/v2\/tags?post=9037"}],"curies":[{"name":"wp","href":"https:\/\/api.w.org\/{rel}","templated":true}]}}