{"id":9246,"date":"2019-02-07T09:37:58","date_gmt":"2019-02-07T09:37:58","guid":{"rendered":"https:\/\/www.cft-group.com\/hace-100-anos-nacia-camillo-catelli\/"},"modified":"2019-02-07T09:37:58","modified_gmt":"2019-02-07T09:37:58","slug":"hace-100-anos-nacia-camillo-catelli","status":"publish","type":"post","link":"https:\/\/www.cft-group.com\/es\/hace-100-anos-nacia-camillo-catelli\/","title":{"rendered":"hace 100 a\u00f1os nac\u00eda Camillo Catelli"},"content":{"rendered":"<p>Queridos amigos, hace exactamente cien a\u00f1os naci\u00f3 Camilo, mi padre. Junto con todos los que le conocieron, pero tambi\u00e9n con los que nunca tuvieron la suerte de conocerle, me gustar\u00eda compartir este momento para recordarle. Recordarle como lo que fue, un hombre valiente, tan valiente que a veces su mismo coraje lo convert\u00eda en temerario a los ojos de muchos, un hombre rudo pero muy bueno, a veces prepotente pero muy generoso y magn\u00e1nimo, ciertamente inteligente, de esa inteligencia que nace de un profundo conocimiento de su obra, de su territorio y de todos sus colaboradores, que le acompa\u00f1aron en la larga aventura de su \u00abtaller\u00bb&#8230; Como \u00e9l llamaba a su empresa.<\/p>\n<blockquote><p>El mundo actual es sin duda muy diferente del que \u00e9l conoci\u00f3 y quiz\u00e1 le costar\u00eda un poco entenderlo, aunque estoy seguro de que con su genio ser\u00eda capaz de desenvolverse con \u00e9xito.<\/p><\/blockquote>\n<p>Teniendo esto en cuenta, me gustar\u00eda que todos tom\u00e1ramos ejemplo de estas reflexiones e hici\u00e9ramos nuestros algunos de sus imperecederos principios, que, al igual que sus productos, siguen siendo absolutamente actuales, a pesar de la \u00e9poca en la que trabaj\u00f3 y vivi\u00f3. <strong>Roberto Catelli<\/strong> presidente de CFT Group<\/p>\n","protected":false},"excerpt":{"rendered":"<p>Queridos amigos, hace exactamente cien a\u00f1os naci\u00f3 Camilo, mi padre. Junto con todos los que le conocieron, pero tambi\u00e9n con los que nunca tuvieron la suerte de conocerle, me gustar\u00eda compartir este momento para recordarle. Recordarle como lo que fue, un hombre valiente, tan valiente que a veces su mismo coraje lo convert\u00eda en temerario [&hellip;]<\/p>\n","protected":false},"author":236,"featured_media":9247,"comment_status":"open","ping_status":"open","sticky":false,"template":"","format":"standard","meta":{"_acf_changed":false,"_cr_original_post":"","_cr_replace_post_id":"","_cr_replacing_post_id":"","_jetpack_memberships_contains_paid_content":false,"footnotes":""},"categories":[6],"tags":[],"class_list":["post-9246","post","type-post","status-publish","format-standard","has-post-thumbnail","hentry","category-sin-categorizar","story-type-innovacion-y-cultura","topic-otras-noticias"],"yoast_head":"<!-- This site is optimized with the Yoast SEO Premium plugin v26.8 (Yoast SEO v26.8) - https:\/\/yoast.com\/product\/yoast-seo-premium-wordpress\/ -->\n<title>hace 100 a\u00f1os nac\u00eda Camillo Catelli - CFT Food Machinery<\/title>\n<meta name=\"robots\" content=\"index, follow, max-snippet:-1, max-image-preview:large, max-video-preview:-1\" \/>\n<link rel=\"canonical\" href=\"https:\/\/www.cft-group.com\/es\/hace-100-anos-nacia-camillo-catelli\/\" \/>\n<meta property=\"og:locale\" content=\"es_ES\" \/>\n<meta property=\"og:type\" content=\"article\" \/>\n<meta property=\"og:title\" content=\"hace 100 a\u00f1os nac\u00eda Camillo Catelli - CFT Food Machinery\" \/>\n<meta property=\"og:description\" content=\"Queridos amigos, hace exactamente cien a\u00f1os naci\u00f3 Camilo, mi padre. Junto con todos los que le conocieron, pero tambi\u00e9n con los que nunca tuvieron la suerte de conocerle, me gustar\u00eda compartir este momento para recordarle. Recordarle como lo que fue, un hombre valiente, tan valiente que a veces su mismo coraje lo convert\u00eda en temerario [&hellip;]\" \/>\n<meta property=\"og:url\" content=\"https:\/\/www.cft-group.com\/es\/hace-100-anos-nacia-camillo-catelli\/\" \/>\n<meta property=\"og:site_name\" content=\"CFT Food Machinery\" \/>\n<meta property=\"article:published_time\" content=\"2019-02-07T09:37:58+00:00\" \/>\n<meta name=\"author\" content=\"alessandro\" \/>\n<meta name=\"twitter:card\" content=\"summary_large_image\" \/>\n<meta name=\"twitter:label1\" content=\"Escrito por\" \/>\n\t<meta name=\"twitter:data1\" content=\"alessandro\" \/>\n\t<meta name=\"twitter:label2\" content=\"Tiempo de lectura\" \/>\n\t<meta name=\"twitter:data2\" content=\"1 minuto\" \/>\n<script type=\"application\/ld+json\" class=\"yoast-schema-graph\">{\"@context\":\"https:\/\/schema.org\",\"@graph\":[{\"@type\":\"Article\",\"@id\":\"https:\/\/www.cft-group.com\/es\/hace-100-anos-nacia-camillo-catelli\/#article\",\"isPartOf\":{\"@id\":\"https:\/\/www.cft-group.com\/es\/hace-100-anos-nacia-camillo-catelli\/\"},\"author\":{\"name\":\"alessandro\",\"@id\":\"https:\/\/www.cft-group.com\/es\/#\/schema\/person\/d7901b02e6e76106ec3b385f87adeed5\"},\"headline\":\"hace 100 a\u00f1os nac\u00eda Camillo Catelli\",\"datePublished\":\"2019-02-07T09:37:58+00:00\",\"mainEntityOfPage\":{\"@id\":\"https:\/\/www.cft-group.com\/es\/hace-100-anos-nacia-camillo-catelli\/\"},\"wordCount\":211,\"commentCount\":0,\"image\":{\"@id\":\"https:\/\/www.cft-group.com\/es\/hace-100-anos-nacia-camillo-catelli\/#primaryimage\"},\"thumbnailUrl\":\"https:\/\/www.cft-group.com\/wp-content\/uploads\/sites\/61\/2024\/02\/camillo-catelli2.png\",\"articleSection\":[\"Sin categorizar\"],\"inLanguage\":\"es\",\"potentialAction\":[{\"@type\":\"CommentAction\",\"name\":\"Comment\",\"target\":[\"https:\/\/www.cft-group.com\/es\/hace-100-anos-nacia-camillo-catelli\/#respond\"]}]},{\"@type\":\"WebPage\",\"@id\":\"https:\/\/www.cft-group.com\/es\/hace-100-anos-nacia-camillo-catelli\/\",\"url\":\"https:\/\/www.cft-group.com\/es\/hace-100-anos-nacia-camillo-catelli\/\",\"name\":\"hace 100 a\u00f1os nac\u00eda Camillo Catelli - CFT Food Machinery\",\"isPartOf\":{\"@id\":\"https:\/\/www.cft-group.com\/es\/#website\"},\"primaryImageOfPage\":{\"@id\":\"https:\/\/www.cft-group.com\/es\/hace-100-anos-nacia-camillo-catelli\/#primaryimage\"},\"image\":{\"@id\":\"https:\/\/www.cft-group.com\/es\/hace-100-anos-nacia-camillo-catelli\/#primaryimage\"},\"thumbnailUrl\":\"https:\/\/www.cft-group.com\/wp-content\/uploads\/sites\/61\/2024\/02\/camillo-catelli2.png\",\"datePublished\":\"2019-02-07T09:37:58+00:00\",\"author\":{\"@id\":\"https:\/\/www.cft-group.com\/es\/#\/schema\/person\/d7901b02e6e76106ec3b385f87adeed5\"},\"inLanguage\":\"es\",\"potentialAction\":[{\"@type\":\"ReadAction\",\"target\":[\"https:\/\/www.cft-group.com\/es\/hace-100-anos-nacia-camillo-catelli\/\"]}]},{\"@type\":\"ImageObject\",\"inLanguage\":\"es\",\"@id\":\"https:\/\/www.cft-group.com\/es\/hace-100-anos-nacia-camillo-catelli\/#primaryimage\",\"url\":\"https:\/\/www.cft-group.com\/wp-content\/uploads\/sites\/61\/2024\/02\/camillo-catelli2.png\",\"contentUrl\":\"https:\/\/www.cft-group.com\/wp-content\/uploads\/sites\/61\/2024\/02\/camillo-catelli2.png\",\"width\":962,\"height\":542},{\"@type\":\"WebSite\",\"@id\":\"https:\/\/www.cft-group.com\/es\/#website\",\"url\":\"https:\/\/www.cft-group.com\/es\/\",\"name\":\"CFT Food Machinery\",\"description\":\"\",\"potentialAction\":[{\"@type\":\"SearchAction\",\"target\":{\"@type\":\"EntryPoint\",\"urlTemplate\":\"https:\/\/www.cft-group.com\/es\/?s={search_term_string}\"},\"query-input\":{\"@type\":\"PropertyValueSpecification\",\"valueRequired\":true,\"valueName\":\"search_term_string\"}}],\"inLanguage\":\"es\"},{\"@type\":\"Person\",\"@id\":\"https:\/\/www.cft-group.com\/es\/#\/schema\/person\/d7901b02e6e76106ec3b385f87adeed5\",\"name\":\"alessandro\",\"image\":{\"@type\":\"ImageObject\",\"inLanguage\":\"es\",\"@id\":\"https:\/\/www.cft-group.com\/es\/#\/schema\/person\/image\/\",\"url\":\"https:\/\/secure.gravatar.com\/avatar\/389b3c20dea50b547c67d4dad3396483c7a5899a3f8d7b63fd3abe2589ffc9ea?s=96&d=mm&r=g\",\"contentUrl\":\"https:\/\/secure.gravatar.com\/avatar\/389b3c20dea50b547c67d4dad3396483c7a5899a3f8d7b63fd3abe2589ffc9ea?s=96&d=mm&r=g\",\"caption\":\"alessandro\"},\"url\":\"https:\/\/www.cft-group.com\/es\/author\/alessandro\/\"}]}<\/script>\n<!-- \/ Yoast SEO Premium plugin. -->","yoast_head_json":{"title":"hace 100 a\u00f1os nac\u00eda Camillo Catelli - CFT Food Machinery","robots":{"index":"index","follow":"follow","max-snippet":"max-snippet:-1","max-image-preview":"max-image-preview:large","max-video-preview":"max-video-preview:-1"},"canonical":"https:\/\/www.cft-group.com\/es\/hace-100-anos-nacia-camillo-catelli\/","og_locale":"es_ES","og_type":"article","og_title":"hace 100 a\u00f1os nac\u00eda Camillo Catelli - CFT Food Machinery","og_description":"Queridos amigos, hace exactamente cien a\u00f1os naci\u00f3 Camilo, mi padre. Junto con todos los que le conocieron, pero tambi\u00e9n con los que nunca tuvieron la suerte de conocerle, me gustar\u00eda compartir este momento para recordarle. Recordarle como lo que fue, un hombre valiente, tan valiente que a veces su mismo coraje lo convert\u00eda en temerario [&hellip;]","og_url":"https:\/\/www.cft-group.com\/es\/hace-100-anos-nacia-camillo-catelli\/","og_site_name":"CFT Food Machinery","article_published_time":"2019-02-07T09:37:58+00:00","author":"alessandro","twitter_card":"summary_large_image","twitter_misc":{"Escrito por":"alessandro","Tiempo de lectura":"1 minuto"},"schema":{"@context":"https:\/\/schema.org","@graph":[{"@type":"Article","@id":"https:\/\/www.cft-group.com\/es\/hace-100-anos-nacia-camillo-catelli\/#article","isPartOf":{"@id":"https:\/\/www.cft-group.com\/es\/hace-100-anos-nacia-camillo-catelli\/"},"author":{"name":"alessandro","@id":"https:\/\/www.cft-group.com\/es\/#\/schema\/person\/d7901b02e6e76106ec3b385f87adeed5"},"headline":"hace 100 a\u00f1os nac\u00eda Camillo Catelli","datePublished":"2019-02-07T09:37:58+00:00","mainEntityOfPage":{"@id":"https:\/\/www.cft-group.com\/es\/hace-100-anos-nacia-camillo-catelli\/"},"wordCount":211,"commentCount":0,"image":{"@id":"https:\/\/www.cft-group.com\/es\/hace-100-anos-nacia-camillo-catelli\/#primaryimage"},"thumbnailUrl":"https:\/\/www.cft-group.com\/wp-content\/uploads\/sites\/61\/2024\/02\/camillo-catelli2.png","articleSection":["Sin categorizar"],"inLanguage":"es","potentialAction":[{"@type":"CommentAction","name":"Comment","target":["https:\/\/www.cft-group.com\/es\/hace-100-anos-nacia-camillo-catelli\/#respond"]}]},{"@type":"WebPage","@id":"https:\/\/www.cft-group.com\/es\/hace-100-anos-nacia-camillo-catelli\/","url":"https:\/\/www.cft-group.com\/es\/hace-100-anos-nacia-camillo-catelli\/","name":"hace 100 a\u00f1os nac\u00eda Camillo Catelli - CFT Food Machinery","isPartOf":{"@id":"https:\/\/www.cft-group.com\/es\/#website"},"primaryImageOfPage":{"@id":"https:\/\/www.cft-group.com\/es\/hace-100-anos-nacia-camillo-catelli\/#primaryimage"},"image":{"@id":"https:\/\/www.cft-group.com\/es\/hace-100-anos-nacia-camillo-catelli\/#primaryimage"},"thumbnailUrl":"https:\/\/www.cft-group.com\/wp-content\/uploads\/sites\/61\/2024\/02\/camillo-catelli2.png","datePublished":"2019-02-07T09:37:58+00:00","author":{"@id":"https:\/\/www.cft-group.com\/es\/#\/schema\/person\/d7901b02e6e76106ec3b385f87adeed5"},"inLanguage":"es","potentialAction":[{"@type":"ReadAction","target":["https:\/\/www.cft-group.com\/es\/hace-100-anos-nacia-camillo-catelli\/"]}]},{"@type":"ImageObject","inLanguage":"es","@id":"https:\/\/www.cft-group.com\/es\/hace-100-anos-nacia-camillo-catelli\/#primaryimage","url":"https:\/\/www.cft-group.com\/wp-content\/uploads\/sites\/61\/2024\/02\/camillo-catelli2.png","contentUrl":"https:\/\/www.cft-group.com\/wp-content\/uploads\/sites\/61\/2024\/02\/camillo-catelli2.png","width":962,"height":542},{"@type":"WebSite","@id":"https:\/\/www.cft-group.com\/es\/#website","url":"https:\/\/www.cft-group.com\/es\/","name":"CFT Food Machinery","description":"","potentialAction":[{"@type":"SearchAction","target":{"@type":"EntryPoint","urlTemplate":"https:\/\/www.cft-group.com\/es\/?s={search_term_string}"},"query-input":{"@type":"PropertyValueSpecification","valueRequired":true,"valueName":"search_term_string"}}],"inLanguage":"es"},{"@type":"Person","@id":"https:\/\/www.cft-group.com\/es\/#\/schema\/person\/d7901b02e6e76106ec3b385f87adeed5","name":"alessandro","image":{"@type":"ImageObject","inLanguage":"es","@id":"https:\/\/www.cft-group.com\/es\/#\/schema\/person\/image\/","url":"https:\/\/secure.gravatar.com\/avatar\/389b3c20dea50b547c67d4dad3396483c7a5899a3f8d7b63fd3abe2589ffc9ea?s=96&d=mm&r=g","contentUrl":"https:\/\/secure.gravatar.com\/avatar\/389b3c20dea50b547c67d4dad3396483c7a5899a3f8d7b63fd3abe2589ffc9ea?s=96&d=mm&r=g","caption":"alessandro"},"url":"https:\/\/www.cft-group.com\/es\/author\/alessandro\/"}]}},"acf":[],"jetpack_featured_media_url":"https:\/\/www.cft-group.com\/wp-content\/uploads\/sites\/61\/2024\/02\/camillo-catelli2.png","jetpack_sharing_enabled":true,"_links":{"self":[{"href":"https:\/\/www.cft-group.com\/es\/wp-json\/wp\/v2\/posts\/9246","targetHints":{"allow":["GET"]}}],"collection":[{"href":"https:\/\/www.cft-group.com\/es\/wp-json\/wp\/v2\/posts"}],"about":[{"href":"https:\/\/www.cft-group.com\/es\/wp-json\/wp\/v2\/types\/post"}],"author":[{"embeddable":true,"href":"https:\/\/www.cft-group.com\/es\/wp-json\/wp\/v2\/users\/236"}],"replies":[{"embeddable":true,"href":"https:\/\/www.cft-group.com\/es\/wp-json\/wp\/v2\/comments?post=9246"}],"version-history":[{"count":0,"href":"https:\/\/www.cft-group.com\/es\/wp-json\/wp\/v2\/posts\/9246\/revisions"}],"wp:featuredmedia":[{"embeddable":true,"href":"https:\/\/www.cft-group.com\/es\/wp-json\/wp\/v2\/media\/9247"}],"wp:attachment":[{"href":"https:\/\/www.cft-group.com\/es\/wp-json\/wp\/v2\/media?parent=9246"}],"wp:term":[{"taxonomy":"category","embeddable":true,"href":"https:\/\/www.cft-group.com\/es\/wp-json\/wp\/v2\/categories?post=9246"},{"taxonomy":"post_tag","embeddable":true,"href":"https:\/\/www.cft-group.com\/es\/wp-json\/wp\/v2\/tags?post=9246"}],"curies":[{"name":"wp","href":"https:\/\/api.w.org\/{rel}","templated":true}]}}