{"id":4028,"date":"2022-12-14T13:04:10","date_gmt":"2022-12-14T13:04:10","guid":{"rendered":"https:\/\/www.cft-group.com\/cft-cares-per-migliorare-il-benessere-delle-persone\/"},"modified":"2025-07-09T09:03:38","modified_gmt":"2025-07-09T09:03:38","slug":"cft-cares-per-migliorare-il-benessere-delle-persone","status":"publish","type":"post","link":"https:\/\/www.cft-group.com\/it\/cft-cares-per-migliorare-il-benessere-delle-persone\/","title":{"rendered":"CFT Cares: per migliorare il benessere delle persone"},"content":{"rendered":"\r\n<h2 class=\"wp-block-heading\" id=\"h-un-progetto-per-prenderci-cura-delle-persone-di-cft\">Un progetto per prenderci cura delle persone di CFT<\/h2>\r\n\r\n\r\n\r\n<p>Di seguito potete leggere l&#8217;intervista che abbiamo realizzato con Laura Catelli, Graphic Designer &amp; Brand Specialist del Gruppo CFT, nonch\u00e9 coordinatrice del progetto CFT Cares.<\/p>\r\n\r\n\r\n\r\n<h3 class=\"wp-block-heading\" id=\"h-com-e-nata-l-idea-di-cft-cares\">Com\u2019\u00e8 nata l\u2019idea di CFT Cares?<\/h3>\r\n\r\n\r\n\r\n<p>L\u2019idea di CFT Cares \u00e8 nata come <strong>reazione positiva <\/strong>ad un periodo che ha messo a dura prova tutto il mondo a causa della <strong>pandemia.<\/strong><\/p>\r\n\r\n\r\n\r\n<p>\u00c8 proprio grazie ad una necessit\u00e0 di <strong>rinascita e positivit\u00e0 <\/strong>che volevamo davvero fare qualcosa che migliorasse la qualit\u00e0 della vita delle persone.<\/p>\r\n\r\n\r\n\r\n<p>Il team del progetto \u00e8 partito proprio da questo: <strong>prendersi cura delle persone in CFT.<\/strong><\/p>\r\n\r\n\r\n\r\n<p>Il fondamento di CFT Cares \u00e8 quindi cercare di sostenere, agevolare e fornire aiuto e servizi per tutti.<\/p>\r\n\r\n\r\n\r\n<p>Aiutare i dipendenti nella vita quotidiana \u00e8 una necessit\u00e0 che aiuter\u00e0 l\u2019azienda stessa a rafforzarsi per il futuro.<\/p>\r\n\r\n\r\n\r\n<h3 class=\"wp-block-heading\" id=\"h-come-si-pone-cft-cares-tra-le-varie-iniziative-gia-presenti-in-azienda\">Come si pone CFT Cares tra le varie iniziative gi\u00e0 presenti in azienda?<\/h3>\r\n\r\n\r\n\r\n<p>Nel corso degli anni CFT ha sempre portato avanti <strong>iniziative a favore dei dipendenti<\/strong>. Tutte queste iniziative ora vengono <strong>canalizzate attraverso CFT Cares <\/strong>e comunicate con chiarezza, impegno e passione.<\/p>\r\n\r\n\r\n\r\n<p>Uno dei nuovi strumenti che abbiamo implementato quest\u2019anno per avere maggiore efficacia nella comunicazione interna \u00e8 sicuramente <strong>CFT HUB<\/strong>, il neonato portale interno per i dipendenti, di cui siamo davvero orgogliosi. Grazie anche all\u2019Hub, ogni comunicazione e nuovo progetto di CFT Cares viene inserito nella sezione dedicata e rapidamente aggiornato.<\/p>\r\n\r\n\r\n\r\n<p>Oltre a questo, il <strong>binomio <\/strong>che si \u00e8 creato tra <strong>Cral e CFT Cares <\/strong>\u00e8 sicuramente ben saldo: molte delle iniziative sono sempre in relazione e a sostegno del mondo Cral che da anni si \u00e8 consolidato fortemente in CFT.<\/p>\r\n\r\n\r\n\r\n<h3 class=\"wp-block-heading\" id=\"h-quali-sono-le-iniziative-adottate-finora-quest-anno\">Quali sono le iniziative adottate finora quest\u2019anno?<\/h3>\r\n\r\n\r\n\r\n<p>Siamo partiti a gennaio con un\u2019iniziativa che ha avuto un riscontro davvero positivo, l\u2019installazione di numerosi <strong>dispenser d\u2019acqua <\/strong>in tutta la nostra sede di Parma e la distribuzione delle <strong>borracce a marchio CFT Cares <\/strong>a tutti i dipendenti.<\/p>\r\n\r\n\r\n\r\n<p>Questo primo progetto ovviamente aveva lo scopo di offrire ai dipendenti un bene indispensabile a costo zero, con la conseguente riduzione di utilizzo della plastica.<\/p>\r\n\r\n\r\n\r\n<p>Tra le altre iniziative ricordiamo il <strong>lavaggio auto <\/strong>per tutti, il piano <strong>Welfare CFT <\/strong>che rappresenta un sostegno concreto al reddito del dipendente e permette di usufruire di un pacchetto di benefit di varia natura, il fondo di assistenza sanitaria integrativa <strong>Metasalute<\/strong>, le iniziative rivolte alle <strong>giovani famiglie <\/strong>(come Tagesmutter e altre convenzioni con asili nido) ed infine convenzioni con <strong>autonoleggi.<\/strong><\/p>\r\n\r\n\r\n\r\n<p>Abbiamo comunicato di recente anche la <strong>Cassa Mutua<\/strong>, una delle iniziative attive ad oggi ma che in pochi conoscono. Si tratta di un fondo comune che ha come obiettivo il mutuo sostegno tra i dipendenti per le spese della vita quotidiana, tra cui quelle sanitarie (ma non solo).<\/p>\r\n\r\n\r\n\r\n<h3 class=\"wp-block-heading\" id=\"h-come-vedi-il-futuro-di-cft-cares-ci-puoi-dare-qualche-indiscrezione-sui-prossimi-progetti\">Come vedi il futuro di CFT Cares? Ci puoi dare qualche indiscrezione sui prossimi progetti?<\/h3>\r\n\r\n\r\n\r\n<p>Sicuramente si tratta di un progetto giovane, ma ha davvero del potenziale ed in futuro consolideremo quello che gi\u00e0 abbiamo portato avanti raggiungendo nuovi e stimolanti obiettivi.<\/p>\r\n\r\n\r\n\r\n<p>Amplieremo il concetto di \u201cCares\u201d inglobando anche il tema della <strong>cura dell\u2019ambiente. <\/strong>La sostenibilit\u00e0 in un\u2019azienda come CFT deve essere abbracciata e concretizzata nella quotidianit\u00e0, ad esempio attraverso la raccolta differenziata e le isole ecologiche. I locker aziendali per la ricezione dei pacchi personali in sede e la lavanderia interna sono solo due delle iniziative che vorremmo implementare in futuro.<\/p>\r\n\r\n\r\n\r\n<p>Speriamo davvero di poter realizzare tutto questo e molto altro ancora!<\/p>\r\n\r\n\r\n\r\n<p class=\"has-text-align-right\">Laura Catelli<\/p>\r\n\r\n\r\n\r\n<p class=\"has-text-align-right\">Graphic Designer &amp; Brand Specialist<\/p>\r\n\r\n\r\n\r\n<p class=\"has-text-align-right\">Coordinatrice CFT Cares<\/p>\r\n","protected":false},"excerpt":{"rendered":"<p>Un progetto per prenderci cura delle persone di CFT Di seguito potete leggere l&#8217;intervista che abbiamo realizzato con Laura Catelli, Graphic Designer &amp; Brand Specialist del Gruppo CFT, nonch\u00e9 coordinatrice del progetto CFT Cares. Com\u2019\u00e8 nata l\u2019idea di CFT Cares? L\u2019idea di CFT Cares \u00e8 nata come reazione positiva ad un periodo che ha messo [&hellip;]<\/p>\n","protected":false},"author":236,"featured_media":4027,"comment_status":"open","ping_status":"open","sticky":false,"template":"","format":"standard","meta":{"_acf_changed":false,"_cr_original_post":"","_cr_replace_post_id":"","_cr_replacing_post_id":"","_jetpack_memberships_contains_paid_content":false,"footnotes":""},"categories":[3],"tags":[],"class_list":["post-4028","post","type-post","status-publish","format-standard","has-post-thumbnail","hentry","category-non-categorizzato","story-type-innovazione-cultura","topic-persone"],"yoast_head":"<!-- This site is optimized with the Yoast SEO Premium plugin v26.8 (Yoast SEO v26.8) - https:\/\/yoast.com\/product\/yoast-seo-premium-wordpress\/ -->\n<title>CFT Cares: per migliorare il benessere delle persone - CFT Food Machinery<\/title>\n<meta name=\"robots\" content=\"index, follow, max-snippet:-1, max-image-preview:large, max-video-preview:-1\" \/>\n<link rel=\"canonical\" href=\"https:\/\/www.cft-group.com\/it\/cft-cares-per-migliorare-il-benessere-delle-persone\/\" \/>\n<meta property=\"og:locale\" content=\"it_IT\" \/>\n<meta property=\"og:type\" content=\"article\" \/>\n<meta property=\"og:title\" content=\"CFT Cares: per migliorare il benessere delle persone - CFT Food Machinery\" \/>\n<meta property=\"og:description\" content=\"Un progetto per prenderci cura delle persone di CFT Di seguito potete leggere l&#8217;intervista che abbiamo realizzato con Laura Catelli, Graphic Designer &amp; Brand Specialist del Gruppo CFT, nonch\u00e9 coordinatrice del progetto CFT Cares. Com\u2019\u00e8 nata l\u2019idea di CFT Cares? L\u2019idea di CFT Cares \u00e8 nata come reazione positiva ad un periodo che ha messo [&hellip;]\" \/>\n<meta property=\"og:url\" content=\"https:\/\/www.cft-group.com\/it\/cft-cares-per-migliorare-il-benessere-delle-persone\/\" \/>\n<meta property=\"og:site_name\" content=\"CFT Food Machinery\" \/>\n<meta property=\"article:published_time\" content=\"2022-12-14T13:04:10+00:00\" \/>\n<meta property=\"article:modified_time\" content=\"2025-07-09T09:03:38+00:00\" \/>\n<meta property=\"og:image\" content=\"https:\/\/www.cft-group.com\/wp-content\/uploads\/sites\/61\/2024\/02\/Progetto-senza-titolo_b0b4bd.png\" \/>\n\t<meta property=\"og:image:width\" content=\"1920\" \/>\n\t<meta property=\"og:image:height\" content=\"1080\" \/>\n\t<meta property=\"og:image:type\" content=\"image\/png\" \/>\n<meta name=\"author\" content=\"alessandro\" \/>\n<meta name=\"twitter:card\" content=\"summary_large_image\" \/>\n<meta name=\"twitter:label1\" content=\"Scritto da\" \/>\n\t<meta name=\"twitter:data1\" content=\"alessandro\" \/>\n\t<meta name=\"twitter:label2\" content=\"Tempo di lettura stimato\" \/>\n\t<meta name=\"twitter:data2\" content=\"4 minuti\" \/>\n<script type=\"application\/ld+json\" class=\"yoast-schema-graph\">{\"@context\":\"https:\/\/schema.org\",\"@graph\":[{\"@type\":\"Article\",\"@id\":\"https:\/\/www.cft-group.com\/it\/cft-cares-per-migliorare-il-benessere-delle-persone\/#article\",\"isPartOf\":{\"@id\":\"https:\/\/www.cft-group.com\/it\/cft-cares-per-migliorare-il-benessere-delle-persone\/\"},\"author\":{\"name\":\"alessandro\",\"@id\":\"https:\/\/www.cft-group.com\/it\/#\/schema\/person\/d7901b02e6e76106ec3b385f87adeed5\"},\"headline\":\"CFT Cares: per migliorare il benessere delle persone\",\"datePublished\":\"2022-12-14T13:04:10+00:00\",\"dateModified\":\"2025-07-09T09:03:38+00:00\",\"mainEntityOfPage\":{\"@id\":\"https:\/\/www.cft-group.com\/it\/cft-cares-per-migliorare-il-benessere-delle-persone\/\"},\"wordCount\":585,\"commentCount\":0,\"image\":{\"@id\":\"https:\/\/www.cft-group.com\/it\/cft-cares-per-migliorare-il-benessere-delle-persone\/#primaryimage\"},\"thumbnailUrl\":\"https:\/\/www.cft-group.com\/wp-content\/uploads\/sites\/61\/2024\/02\/Progetto-senza-titolo_b0b4bd.png\",\"articleSection\":[\"Non categorizzato\"],\"inLanguage\":\"it-IT\",\"potentialAction\":[{\"@type\":\"CommentAction\",\"name\":\"Comment\",\"target\":[\"https:\/\/www.cft-group.com\/it\/cft-cares-per-migliorare-il-benessere-delle-persone\/#respond\"]}]},{\"@type\":\"WebPage\",\"@id\":\"https:\/\/www.cft-group.com\/it\/cft-cares-per-migliorare-il-benessere-delle-persone\/\",\"url\":\"https:\/\/www.cft-group.com\/it\/cft-cares-per-migliorare-il-benessere-delle-persone\/\",\"name\":\"CFT Cares: per migliorare il benessere delle persone - CFT Food Machinery\",\"isPartOf\":{\"@id\":\"https:\/\/www.cft-group.com\/it\/#website\"},\"primaryImageOfPage\":{\"@id\":\"https:\/\/www.cft-group.com\/it\/cft-cares-per-migliorare-il-benessere-delle-persone\/#primaryimage\"},\"image\":{\"@id\":\"https:\/\/www.cft-group.com\/it\/cft-cares-per-migliorare-il-benessere-delle-persone\/#primaryimage\"},\"thumbnailUrl\":\"https:\/\/www.cft-group.com\/wp-content\/uploads\/sites\/61\/2024\/02\/Progetto-senza-titolo_b0b4bd.png\",\"datePublished\":\"2022-12-14T13:04:10+00:00\",\"dateModified\":\"2025-07-09T09:03:38+00:00\",\"author\":{\"@id\":\"https:\/\/www.cft-group.com\/it\/#\/schema\/person\/d7901b02e6e76106ec3b385f87adeed5\"},\"inLanguage\":\"it-IT\",\"potentialAction\":[{\"@type\":\"ReadAction\",\"target\":[\"https:\/\/www.cft-group.com\/it\/cft-cares-per-migliorare-il-benessere-delle-persone\/\"]}]},{\"@type\":\"ImageObject\",\"inLanguage\":\"it-IT\",\"@id\":\"https:\/\/www.cft-group.com\/it\/cft-cares-per-migliorare-il-benessere-delle-persone\/#primaryimage\",\"url\":\"https:\/\/www.cft-group.com\/wp-content\/uploads\/sites\/61\/2024\/02\/Progetto-senza-titolo_b0b4bd.png\",\"contentUrl\":\"https:\/\/www.cft-group.com\/wp-content\/uploads\/sites\/61\/2024\/02\/Progetto-senza-titolo_b0b4bd.png\",\"width\":1920,\"height\":1080,\"caption\":\"it CFT Cares: per migliorare il benessere delle persone\"},{\"@type\":\"WebSite\",\"@id\":\"https:\/\/www.cft-group.com\/it\/#website\",\"url\":\"https:\/\/www.cft-group.com\/it\/\",\"name\":\"CFT Food Machinery\",\"description\":\"\",\"potentialAction\":[{\"@type\":\"SearchAction\",\"target\":{\"@type\":\"EntryPoint\",\"urlTemplate\":\"https:\/\/www.cft-group.com\/it\/?s={search_term_string}\"},\"query-input\":{\"@type\":\"PropertyValueSpecification\",\"valueRequired\":true,\"valueName\":\"search_term_string\"}}],\"inLanguage\":\"it-IT\"},{\"@type\":\"Person\",\"@id\":\"https:\/\/www.cft-group.com\/it\/#\/schema\/person\/d7901b02e6e76106ec3b385f87adeed5\",\"name\":\"alessandro\",\"image\":{\"@type\":\"ImageObject\",\"inLanguage\":\"it-IT\",\"@id\":\"https:\/\/www.cft-group.com\/it\/#\/schema\/person\/image\/\",\"url\":\"https:\/\/secure.gravatar.com\/avatar\/389b3c20dea50b547c67d4dad3396483c7a5899a3f8d7b63fd3abe2589ffc9ea?s=96&d=mm&r=g\",\"contentUrl\":\"https:\/\/secure.gravatar.com\/avatar\/389b3c20dea50b547c67d4dad3396483c7a5899a3f8d7b63fd3abe2589ffc9ea?s=96&d=mm&r=g\",\"caption\":\"alessandro\"},\"url\":\"https:\/\/www.cft-group.com\/it\/author\/alessandro\/\"}]}<\/script>\n<!-- \/ Yoast SEO Premium plugin. -->","yoast_head_json":{"title":"CFT Cares: per migliorare il benessere delle persone - CFT Food Machinery","robots":{"index":"index","follow":"follow","max-snippet":"max-snippet:-1","max-image-preview":"max-image-preview:large","max-video-preview":"max-video-preview:-1"},"canonical":"https:\/\/www.cft-group.com\/it\/cft-cares-per-migliorare-il-benessere-delle-persone\/","og_locale":"it_IT","og_type":"article","og_title":"CFT Cares: per migliorare il benessere delle persone - CFT Food Machinery","og_description":"Un progetto per prenderci cura delle persone di CFT Di seguito potete leggere l&#8217;intervista che abbiamo realizzato con Laura Catelli, Graphic Designer &amp; Brand Specialist del Gruppo CFT, nonch\u00e9 coordinatrice del progetto CFT Cares. Com\u2019\u00e8 nata l\u2019idea di CFT Cares? L\u2019idea di CFT Cares \u00e8 nata come reazione positiva ad un periodo che ha messo [&hellip;]","og_url":"https:\/\/www.cft-group.com\/it\/cft-cares-per-migliorare-il-benessere-delle-persone\/","og_site_name":"CFT Food Machinery","article_published_time":"2022-12-14T13:04:10+00:00","article_modified_time":"2025-07-09T09:03:38+00:00","og_image":[{"width":1920,"height":1080,"url":"https:\/\/www.cft-group.com\/wp-content\/uploads\/sites\/61\/2024\/02\/Progetto-senza-titolo_b0b4bd.png","type":"image\/png"}],"author":"alessandro","twitter_card":"summary_large_image","twitter_misc":{"Scritto da":"alessandro","Tempo di lettura stimato":"4 minuti"},"schema":{"@context":"https:\/\/schema.org","@graph":[{"@type":"Article","@id":"https:\/\/www.cft-group.com\/it\/cft-cares-per-migliorare-il-benessere-delle-persone\/#article","isPartOf":{"@id":"https:\/\/www.cft-group.com\/it\/cft-cares-per-migliorare-il-benessere-delle-persone\/"},"author":{"name":"alessandro","@id":"https:\/\/www.cft-group.com\/it\/#\/schema\/person\/d7901b02e6e76106ec3b385f87adeed5"},"headline":"CFT Cares: per migliorare il benessere delle persone","datePublished":"2022-12-14T13:04:10+00:00","dateModified":"2025-07-09T09:03:38+00:00","mainEntityOfPage":{"@id":"https:\/\/www.cft-group.com\/it\/cft-cares-per-migliorare-il-benessere-delle-persone\/"},"wordCount":585,"commentCount":0,"image":{"@id":"https:\/\/www.cft-group.com\/it\/cft-cares-per-migliorare-il-benessere-delle-persone\/#primaryimage"},"thumbnailUrl":"https:\/\/www.cft-group.com\/wp-content\/uploads\/sites\/61\/2024\/02\/Progetto-senza-titolo_b0b4bd.png","articleSection":["Non categorizzato"],"inLanguage":"it-IT","potentialAction":[{"@type":"CommentAction","name":"Comment","target":["https:\/\/www.cft-group.com\/it\/cft-cares-per-migliorare-il-benessere-delle-persone\/#respond"]}]},{"@type":"WebPage","@id":"https:\/\/www.cft-group.com\/it\/cft-cares-per-migliorare-il-benessere-delle-persone\/","url":"https:\/\/www.cft-group.com\/it\/cft-cares-per-migliorare-il-benessere-delle-persone\/","name":"CFT Cares: per migliorare il benessere delle persone - CFT Food Machinery","isPartOf":{"@id":"https:\/\/www.cft-group.com\/it\/#website"},"primaryImageOfPage":{"@id":"https:\/\/www.cft-group.com\/it\/cft-cares-per-migliorare-il-benessere-delle-persone\/#primaryimage"},"image":{"@id":"https:\/\/www.cft-group.com\/it\/cft-cares-per-migliorare-il-benessere-delle-persone\/#primaryimage"},"thumbnailUrl":"https:\/\/www.cft-group.com\/wp-content\/uploads\/sites\/61\/2024\/02\/Progetto-senza-titolo_b0b4bd.png","datePublished":"2022-12-14T13:04:10+00:00","dateModified":"2025-07-09T09:03:38+00:00","author":{"@id":"https:\/\/www.cft-group.com\/it\/#\/schema\/person\/d7901b02e6e76106ec3b385f87adeed5"},"inLanguage":"it-IT","potentialAction":[{"@type":"ReadAction","target":["https:\/\/www.cft-group.com\/it\/cft-cares-per-migliorare-il-benessere-delle-persone\/"]}]},{"@type":"ImageObject","inLanguage":"it-IT","@id":"https:\/\/www.cft-group.com\/it\/cft-cares-per-migliorare-il-benessere-delle-persone\/#primaryimage","url":"https:\/\/www.cft-group.com\/wp-content\/uploads\/sites\/61\/2024\/02\/Progetto-senza-titolo_b0b4bd.png","contentUrl":"https:\/\/www.cft-group.com\/wp-content\/uploads\/sites\/61\/2024\/02\/Progetto-senza-titolo_b0b4bd.png","width":1920,"height":1080,"caption":"it CFT Cares: per migliorare il benessere delle persone"},{"@type":"WebSite","@id":"https:\/\/www.cft-group.com\/it\/#website","url":"https:\/\/www.cft-group.com\/it\/","name":"CFT Food Machinery","description":"","potentialAction":[{"@type":"SearchAction","target":{"@type":"EntryPoint","urlTemplate":"https:\/\/www.cft-group.com\/it\/?s={search_term_string}"},"query-input":{"@type":"PropertyValueSpecification","valueRequired":true,"valueName":"search_term_string"}}],"inLanguage":"it-IT"},{"@type":"Person","@id":"https:\/\/www.cft-group.com\/it\/#\/schema\/person\/d7901b02e6e76106ec3b385f87adeed5","name":"alessandro","image":{"@type":"ImageObject","inLanguage":"it-IT","@id":"https:\/\/www.cft-group.com\/it\/#\/schema\/person\/image\/","url":"https:\/\/secure.gravatar.com\/avatar\/389b3c20dea50b547c67d4dad3396483c7a5899a3f8d7b63fd3abe2589ffc9ea?s=96&d=mm&r=g","contentUrl":"https:\/\/secure.gravatar.com\/avatar\/389b3c20dea50b547c67d4dad3396483c7a5899a3f8d7b63fd3abe2589ffc9ea?s=96&d=mm&r=g","caption":"alessandro"},"url":"https:\/\/www.cft-group.com\/it\/author\/alessandro\/"}]}},"acf":[],"jetpack_featured_media_url":"https:\/\/www.cft-group.com\/wp-content\/uploads\/sites\/61\/2024\/02\/Progetto-senza-titolo_b0b4bd.png","jetpack_sharing_enabled":true,"_links":{"self":[{"href":"https:\/\/www.cft-group.com\/it\/wp-json\/wp\/v2\/posts\/4028","targetHints":{"allow":["GET"]}}],"collection":[{"href":"https:\/\/www.cft-group.com\/it\/wp-json\/wp\/v2\/posts"}],"about":[{"href":"https:\/\/www.cft-group.com\/it\/wp-json\/wp\/v2\/types\/post"}],"author":[{"embeddable":true,"href":"https:\/\/www.cft-group.com\/it\/wp-json\/wp\/v2\/users\/236"}],"replies":[{"embeddable":true,"href":"https:\/\/www.cft-group.com\/it\/wp-json\/wp\/v2\/comments?post=4028"}],"version-history":[{"count":1,"href":"https:\/\/www.cft-group.com\/it\/wp-json\/wp\/v2\/posts\/4028\/revisions"}],"predecessor-version":[{"id":5247,"href":"https:\/\/www.cft-group.com\/it\/wp-json\/wp\/v2\/posts\/4028\/revisions\/5247"}],"wp:featuredmedia":[{"embeddable":true,"href":"https:\/\/www.cft-group.com\/it\/wp-json\/wp\/v2\/media\/4027"}],"wp:attachment":[{"href":"https:\/\/www.cft-group.com\/it\/wp-json\/wp\/v2\/media?parent=4028"}],"wp:term":[{"taxonomy":"category","embeddable":true,"href":"https:\/\/www.cft-group.com\/it\/wp-json\/wp\/v2\/categories?post=4028"},{"taxonomy":"post_tag","embeddable":true,"href":"https:\/\/www.cft-group.com\/it\/wp-json\/wp\/v2\/tags?post=4028"}],"curies":[{"name":"wp","href":"https:\/\/api.w.org\/{rel}","templated":true}]}}