{"id":4194,"date":"2021-12-17T12:15:45","date_gmt":"2021-12-17T12:15:45","guid":{"rendered":"https:\/\/www.cft-group.com\/messaggio-di-fine-anno-dal-ceo-di-cft-group\/"},"modified":"2025-07-09T09:40:21","modified_gmt":"2025-07-09T09:40:21","slug":"messaggio-di-fine-anno-dal-ceo-di-cft-group","status":"publish","type":"post","link":"https:\/\/www.cft-group.com\/it\/messaggio-di-fine-anno-dal-ceo-di-cft-group\/","title":{"rendered":"Messaggio di fine anno dal CEO di CFT Group"},"content":{"rendered":"\r\n<p>Cari tutti,<\/p>\r\n\r\n\r\n\r\n<p>ora che quest\u2019anno sta volgendo al termine vorrei cogliere l\u2019occasione per condividere con Voi alcune riflessioni.<br>Sicuramente il termine che meglio riassume questi ultimi due anni \u00e8 \u201ccambiamento\u201d. Tutto ci\u00f2 a cui eravamo abituati prima del 2020 \u00e8 profondamente mutato, alcune nostre certezze si sono improvvisamente sgretolate e tutti noi siamo stati costretti a misurarci quotidianamente con una situazione nuova, diversa, a cui non eravamo abituati, una nuova normalit\u00e0 con la quale stiamo convivendo da quasi due anni con mutevoli alternanze. In questo contesto abbiamo saputo adattarci, abbiamo saputo trovare soluzioni alle sfide ed alle difficolt\u00e0 quotidiane, abbiamo saputo portare avanti il business con successo rimanendo sempre a fianco dei nostri clienti, e per tutto questo Vi ringrazio.<br><\/p>\r\n\r\n\r\n\r\n<p>Come detto, i cambiamenti non sono stati soltanto quelli esterni ma soprattutto quelli interni. Da quando CFT \u00e8 divenuta parte del gruppo ATS, abbiamo iniziato un graduale percorso di integrazione che ha coinvolto ciascuno di Voi nella quotidianit\u00e0, un percorso certamente in parte dettato dalla necessit\u00e0 di un\u2019armonizzazione agli standard ed alle procedure del gruppo, ma soprattutto finalizzato ad un allineamento culturale che richiede necessariamente tempo ma che \u00e8 fondamentale per iniziare un nuovo sviluppo di CFT all\u2019interno della famiglia ATS.<br><\/p>\r\n\r\n\r\n\r\n<p>Nei mesi scorsi, come avete avuto modo di vedere, diversi sono stati i cambiamenti organizzativi, cambiamenti che abbiamo ritenuto fondamentali per ridurre la distanza con i nostri clienti, per fornire risposte pi\u00f9 immediate e pi\u00f9 qualificate, per cercare di risolvere pi\u00f9 facilmente i problemi. Cambiare significa riflettere sul fatto che ci pu\u00f2 essere un modo migliore di fare le cose e noi dobbiamo tutti i giorni cercare di capire come migliorare per mantenere quel vantaggio competitivo che ha sempre contraddistinto CFT! <\/p>\r\n\r\n\r\n\r\n<p>Ma cambiare l\u2019organizzazione non \u00e8 sufficiente per migliorare, \u00e8 necessario fare in modo che ogni ingranaggio della macchina funzioni correttamente nell\u2019armonia generale e su questo sono convinto che l\u2019applicazione dell\u2019ABM possa dare un contributo fondamentale; al di l\u00e0 degli strumenti specifici, si tratta veramente di applicare il buon senso secondo criteri rigorosi, per individuare i problemi o le inefficienze e quindi definire le soluzioni di breve e medio termine. Come in tutte le cose, si tratta di un processo di miglioramento continuo che porter\u00e0 di volta in volta progressi con il procedere della sperimentazione, ma ovviamente il successo dipender\u00e0 solo da noi!<br><\/p>\r\n\r\n\r\n\r\n<p>Dal punto di vista del business guardiamo al futuro con ottimismo: da un lato, diversi sono gli investimenti che i nostri clienti del Food &amp; Beverage hanno pianificato o stanno pianificando per incrementare le linee di produzione secondo logiche di flessibilit\u00e0 ed efficienza energetica; dall\u2019altro, come sapete, negli ultimi anni abbiamo realizzato sforzi importanti di innovazione sia sulle tecnologie del Processo che su quelle del Packaging, ragion per cui riteniamo di essere in una posizione privilegiata per cogliere l\u2019opportunit\u00e0, in un momento storico di generale ripresa di cui il settore del Food &amp; Beverage \u00e8 senza dubbio uno dei protagonisti.<br><\/p>\r\n\r\n\r\n\r\n<p>Con questo, credo veramente che siamo sul \u201clato soleggiato della montagna\u201d, non resta quindi che mettere a fattor comune le energie di tutti per continuare a rendere forte il progetto CFT.<br><\/p>\r\n\r\n\r\n\r\n<p>I migliori auguri di un Sereno Natale a Voi tutte ed alle Vostre Famiglie.<\/p>\r\n\r\n\r\n\r\n<p class=\"has-text-align-right\">Alessandro Merusi<\/p>\r\n","protected":false},"excerpt":{"rendered":"<p>Cari tutti, ora che quest\u2019anno sta volgendo al termine vorrei cogliere l\u2019occasione per condividere con Voi alcune riflessioni.Sicuramente il termine che meglio riassume questi ultimi due anni \u00e8 \u201ccambiamento\u201d. Tutto ci\u00f2 a cui eravamo abituati prima del 2020 \u00e8 profondamente mutato, alcune nostre certezze si sono improvvisamente sgretolate e tutti noi siamo stati costretti a [&hellip;]<\/p>\n","protected":false},"author":236,"featured_media":4193,"comment_status":"open","ping_status":"open","sticky":false,"template":"","format":"standard","meta":{"_acf_changed":false,"_cr_original_post":"","_cr_replace_post_id":"","_cr_replacing_post_id":"","_jetpack_memberships_contains_paid_content":false,"footnotes":""},"categories":[3],"tags":[],"class_list":["post-4194","post","type-post","status-publish","format-standard","has-post-thumbnail","hentry","category-non-categorizzato","story-type-innovation-culture","topic-altre-notizie"],"yoast_head":"<!-- This site is optimized with the Yoast SEO Premium plugin v26.8 (Yoast SEO v26.8) - https:\/\/yoast.com\/product\/yoast-seo-premium-wordpress\/ -->\n<title>Messaggio di fine anno dal CEO di CFT Group - CFT Food Machinery<\/title>\n<meta name=\"robots\" content=\"index, follow, max-snippet:-1, max-image-preview:large, max-video-preview:-1\" \/>\n<link rel=\"canonical\" href=\"https:\/\/www.cft-group.com\/it\/messaggio-di-fine-anno-dal-ceo-di-cft-group\/\" \/>\n<meta property=\"og:locale\" content=\"it_IT\" \/>\n<meta property=\"og:type\" content=\"article\" \/>\n<meta property=\"og:title\" content=\"Messaggio di fine anno dal CEO di CFT Group - CFT Food Machinery\" \/>\n<meta property=\"og:description\" content=\"Cari tutti, ora che quest\u2019anno sta volgendo al termine vorrei cogliere l\u2019occasione per condividere con Voi alcune riflessioni.Sicuramente il termine che meglio riassume questi ultimi due anni \u00e8 \u201ccambiamento\u201d. Tutto ci\u00f2 a cui eravamo abituati prima del 2020 \u00e8 profondamente mutato, alcune nostre certezze si sono improvvisamente sgretolate e tutti noi siamo stati costretti a [&hellip;]\" \/>\n<meta property=\"og:url\" content=\"https:\/\/www.cft-group.com\/it\/messaggio-di-fine-anno-dal-ceo-di-cft-group\/\" \/>\n<meta property=\"og:site_name\" content=\"CFT Food Machinery\" \/>\n<meta property=\"article:published_time\" content=\"2021-12-17T12:15:45+00:00\" \/>\n<meta property=\"article:modified_time\" content=\"2025-07-09T09:40:21+00:00\" \/>\n<meta property=\"og:image\" content=\"https:\/\/www.cft-group.com\/wp-content\/uploads\/sites\/61\/2024\/02\/Merusi_CFT.jpg\" \/>\n\t<meta property=\"og:image:width\" content=\"1920\" \/>\n\t<meta property=\"og:image:height\" content=\"1080\" \/>\n\t<meta property=\"og:image:type\" content=\"image\/jpeg\" \/>\n<meta name=\"author\" content=\"alessandro\" \/>\n<meta name=\"twitter:card\" content=\"summary_large_image\" \/>\n<meta name=\"twitter:label1\" content=\"Scritto da\" \/>\n\t<meta name=\"twitter:data1\" content=\"alessandro\" \/>\n\t<meta name=\"twitter:label2\" content=\"Tempo di lettura stimato\" \/>\n\t<meta name=\"twitter:data2\" content=\"4 minuti\" \/>\n<script type=\"application\/ld+json\" class=\"yoast-schema-graph\">{\"@context\":\"https:\/\/schema.org\",\"@graph\":[{\"@type\":\"Article\",\"@id\":\"https:\/\/www.cft-group.com\/it\/messaggio-di-fine-anno-dal-ceo-di-cft-group\/#article\",\"isPartOf\":{\"@id\":\"https:\/\/www.cft-group.com\/it\/messaggio-di-fine-anno-dal-ceo-di-cft-group\/\"},\"author\":{\"name\":\"alessandro\",\"@id\":\"https:\/\/www.cft-group.com\/it\/#\/schema\/person\/d7901b02e6e76106ec3b385f87adeed5\"},\"headline\":\"Messaggio di fine anno dal CEO di CFT Group\",\"datePublished\":\"2021-12-17T12:15:45+00:00\",\"dateModified\":\"2025-07-09T09:40:21+00:00\",\"mainEntityOfPage\":{\"@id\":\"https:\/\/www.cft-group.com\/it\/messaggio-di-fine-anno-dal-ceo-di-cft-group\/\"},\"wordCount\":542,\"commentCount\":0,\"image\":{\"@id\":\"https:\/\/www.cft-group.com\/it\/messaggio-di-fine-anno-dal-ceo-di-cft-group\/#primaryimage\"},\"thumbnailUrl\":\"https:\/\/www.cft-group.com\/wp-content\/uploads\/sites\/61\/2024\/02\/Merusi_CFT.jpg\",\"articleSection\":[\"Non categorizzato\"],\"inLanguage\":\"it-IT\",\"potentialAction\":[{\"@type\":\"CommentAction\",\"name\":\"Comment\",\"target\":[\"https:\/\/www.cft-group.com\/it\/messaggio-di-fine-anno-dal-ceo-di-cft-group\/#respond\"]}]},{\"@type\":\"WebPage\",\"@id\":\"https:\/\/www.cft-group.com\/it\/messaggio-di-fine-anno-dal-ceo-di-cft-group\/\",\"url\":\"https:\/\/www.cft-group.com\/it\/messaggio-di-fine-anno-dal-ceo-di-cft-group\/\",\"name\":\"Messaggio di fine anno dal CEO di CFT Group - CFT Food Machinery\",\"isPartOf\":{\"@id\":\"https:\/\/www.cft-group.com\/it\/#website\"},\"primaryImageOfPage\":{\"@id\":\"https:\/\/www.cft-group.com\/it\/messaggio-di-fine-anno-dal-ceo-di-cft-group\/#primaryimage\"},\"image\":{\"@id\":\"https:\/\/www.cft-group.com\/it\/messaggio-di-fine-anno-dal-ceo-di-cft-group\/#primaryimage\"},\"thumbnailUrl\":\"https:\/\/www.cft-group.com\/wp-content\/uploads\/sites\/61\/2024\/02\/Merusi_CFT.jpg\",\"datePublished\":\"2021-12-17T12:15:45+00:00\",\"dateModified\":\"2025-07-09T09:40:21+00:00\",\"author\":{\"@id\":\"https:\/\/www.cft-group.com\/it\/#\/schema\/person\/d7901b02e6e76106ec3b385f87adeed5\"},\"inLanguage\":\"it-IT\",\"potentialAction\":[{\"@type\":\"ReadAction\",\"target\":[\"https:\/\/www.cft-group.com\/it\/messaggio-di-fine-anno-dal-ceo-di-cft-group\/\"]}]},{\"@type\":\"ImageObject\",\"inLanguage\":\"it-IT\",\"@id\":\"https:\/\/www.cft-group.com\/it\/messaggio-di-fine-anno-dal-ceo-di-cft-group\/#primaryimage\",\"url\":\"https:\/\/www.cft-group.com\/wp-content\/uploads\/sites\/61\/2024\/02\/Merusi_CFT.jpg\",\"contentUrl\":\"https:\/\/www.cft-group.com\/wp-content\/uploads\/sites\/61\/2024\/02\/Merusi_CFT.jpg\",\"width\":1920,\"height\":1080,\"caption\":\"it Messaggio di fine anno dal CEO di CFT Group\"},{\"@type\":\"WebSite\",\"@id\":\"https:\/\/www.cft-group.com\/it\/#website\",\"url\":\"https:\/\/www.cft-group.com\/it\/\",\"name\":\"CFT Food Machinery\",\"description\":\"\",\"potentialAction\":[{\"@type\":\"SearchAction\",\"target\":{\"@type\":\"EntryPoint\",\"urlTemplate\":\"https:\/\/www.cft-group.com\/it\/?s={search_term_string}\"},\"query-input\":{\"@type\":\"PropertyValueSpecification\",\"valueRequired\":true,\"valueName\":\"search_term_string\"}}],\"inLanguage\":\"it-IT\"},{\"@type\":\"Person\",\"@id\":\"https:\/\/www.cft-group.com\/it\/#\/schema\/person\/d7901b02e6e76106ec3b385f87adeed5\",\"name\":\"alessandro\",\"image\":{\"@type\":\"ImageObject\",\"inLanguage\":\"it-IT\",\"@id\":\"https:\/\/www.cft-group.com\/it\/#\/schema\/person\/image\/\",\"url\":\"https:\/\/secure.gravatar.com\/avatar\/389b3c20dea50b547c67d4dad3396483c7a5899a3f8d7b63fd3abe2589ffc9ea?s=96&d=mm&r=g\",\"contentUrl\":\"https:\/\/secure.gravatar.com\/avatar\/389b3c20dea50b547c67d4dad3396483c7a5899a3f8d7b63fd3abe2589ffc9ea?s=96&d=mm&r=g\",\"caption\":\"alessandro\"},\"url\":\"https:\/\/www.cft-group.com\/it\/author\/alessandro\/\"}]}<\/script>\n<!-- \/ Yoast SEO Premium plugin. -->","yoast_head_json":{"title":"Messaggio di fine anno dal CEO di CFT Group - CFT Food Machinery","robots":{"index":"index","follow":"follow","max-snippet":"max-snippet:-1","max-image-preview":"max-image-preview:large","max-video-preview":"max-video-preview:-1"},"canonical":"https:\/\/www.cft-group.com\/it\/messaggio-di-fine-anno-dal-ceo-di-cft-group\/","og_locale":"it_IT","og_type":"article","og_title":"Messaggio di fine anno dal CEO di CFT Group - CFT Food Machinery","og_description":"Cari tutti, ora che quest\u2019anno sta volgendo al termine vorrei cogliere l\u2019occasione per condividere con Voi alcune riflessioni.Sicuramente il termine che meglio riassume questi ultimi due anni \u00e8 \u201ccambiamento\u201d. Tutto ci\u00f2 a cui eravamo abituati prima del 2020 \u00e8 profondamente mutato, alcune nostre certezze si sono improvvisamente sgretolate e tutti noi siamo stati costretti a [&hellip;]","og_url":"https:\/\/www.cft-group.com\/it\/messaggio-di-fine-anno-dal-ceo-di-cft-group\/","og_site_name":"CFT Food Machinery","article_published_time":"2021-12-17T12:15:45+00:00","article_modified_time":"2025-07-09T09:40:21+00:00","og_image":[{"width":1920,"height":1080,"url":"https:\/\/www.cft-group.com\/wp-content\/uploads\/sites\/61\/2024\/02\/Merusi_CFT.jpg","type":"image\/jpeg"}],"author":"alessandro","twitter_card":"summary_large_image","twitter_misc":{"Scritto da":"alessandro","Tempo di lettura stimato":"4 minuti"},"schema":{"@context":"https:\/\/schema.org","@graph":[{"@type":"Article","@id":"https:\/\/www.cft-group.com\/it\/messaggio-di-fine-anno-dal-ceo-di-cft-group\/#article","isPartOf":{"@id":"https:\/\/www.cft-group.com\/it\/messaggio-di-fine-anno-dal-ceo-di-cft-group\/"},"author":{"name":"alessandro","@id":"https:\/\/www.cft-group.com\/it\/#\/schema\/person\/d7901b02e6e76106ec3b385f87adeed5"},"headline":"Messaggio di fine anno dal CEO di CFT Group","datePublished":"2021-12-17T12:15:45+00:00","dateModified":"2025-07-09T09:40:21+00:00","mainEntityOfPage":{"@id":"https:\/\/www.cft-group.com\/it\/messaggio-di-fine-anno-dal-ceo-di-cft-group\/"},"wordCount":542,"commentCount":0,"image":{"@id":"https:\/\/www.cft-group.com\/it\/messaggio-di-fine-anno-dal-ceo-di-cft-group\/#primaryimage"},"thumbnailUrl":"https:\/\/www.cft-group.com\/wp-content\/uploads\/sites\/61\/2024\/02\/Merusi_CFT.jpg","articleSection":["Non categorizzato"],"inLanguage":"it-IT","potentialAction":[{"@type":"CommentAction","name":"Comment","target":["https:\/\/www.cft-group.com\/it\/messaggio-di-fine-anno-dal-ceo-di-cft-group\/#respond"]}]},{"@type":"WebPage","@id":"https:\/\/www.cft-group.com\/it\/messaggio-di-fine-anno-dal-ceo-di-cft-group\/","url":"https:\/\/www.cft-group.com\/it\/messaggio-di-fine-anno-dal-ceo-di-cft-group\/","name":"Messaggio di fine anno dal CEO di CFT Group - CFT Food Machinery","isPartOf":{"@id":"https:\/\/www.cft-group.com\/it\/#website"},"primaryImageOfPage":{"@id":"https:\/\/www.cft-group.com\/it\/messaggio-di-fine-anno-dal-ceo-di-cft-group\/#primaryimage"},"image":{"@id":"https:\/\/www.cft-group.com\/it\/messaggio-di-fine-anno-dal-ceo-di-cft-group\/#primaryimage"},"thumbnailUrl":"https:\/\/www.cft-group.com\/wp-content\/uploads\/sites\/61\/2024\/02\/Merusi_CFT.jpg","datePublished":"2021-12-17T12:15:45+00:00","dateModified":"2025-07-09T09:40:21+00:00","author":{"@id":"https:\/\/www.cft-group.com\/it\/#\/schema\/person\/d7901b02e6e76106ec3b385f87adeed5"},"inLanguage":"it-IT","potentialAction":[{"@type":"ReadAction","target":["https:\/\/www.cft-group.com\/it\/messaggio-di-fine-anno-dal-ceo-di-cft-group\/"]}]},{"@type":"ImageObject","inLanguage":"it-IT","@id":"https:\/\/www.cft-group.com\/it\/messaggio-di-fine-anno-dal-ceo-di-cft-group\/#primaryimage","url":"https:\/\/www.cft-group.com\/wp-content\/uploads\/sites\/61\/2024\/02\/Merusi_CFT.jpg","contentUrl":"https:\/\/www.cft-group.com\/wp-content\/uploads\/sites\/61\/2024\/02\/Merusi_CFT.jpg","width":1920,"height":1080,"caption":"it Messaggio di fine anno dal CEO di CFT Group"},{"@type":"WebSite","@id":"https:\/\/www.cft-group.com\/it\/#website","url":"https:\/\/www.cft-group.com\/it\/","name":"CFT Food Machinery","description":"","potentialAction":[{"@type":"SearchAction","target":{"@type":"EntryPoint","urlTemplate":"https:\/\/www.cft-group.com\/it\/?s={search_term_string}"},"query-input":{"@type":"PropertyValueSpecification","valueRequired":true,"valueName":"search_term_string"}}],"inLanguage":"it-IT"},{"@type":"Person","@id":"https:\/\/www.cft-group.com\/it\/#\/schema\/person\/d7901b02e6e76106ec3b385f87adeed5","name":"alessandro","image":{"@type":"ImageObject","inLanguage":"it-IT","@id":"https:\/\/www.cft-group.com\/it\/#\/schema\/person\/image\/","url":"https:\/\/secure.gravatar.com\/avatar\/389b3c20dea50b547c67d4dad3396483c7a5899a3f8d7b63fd3abe2589ffc9ea?s=96&d=mm&r=g","contentUrl":"https:\/\/secure.gravatar.com\/avatar\/389b3c20dea50b547c67d4dad3396483c7a5899a3f8d7b63fd3abe2589ffc9ea?s=96&d=mm&r=g","caption":"alessandro"},"url":"https:\/\/www.cft-group.com\/it\/author\/alessandro\/"}]}},"acf":[],"jetpack_featured_media_url":"https:\/\/www.cft-group.com\/wp-content\/uploads\/sites\/61\/2024\/02\/Merusi_CFT.jpg","jetpack_sharing_enabled":true,"_links":{"self":[{"href":"https:\/\/www.cft-group.com\/it\/wp-json\/wp\/v2\/posts\/4194","targetHints":{"allow":["GET"]}}],"collection":[{"href":"https:\/\/www.cft-group.com\/it\/wp-json\/wp\/v2\/posts"}],"about":[{"href":"https:\/\/www.cft-group.com\/it\/wp-json\/wp\/v2\/types\/post"}],"author":[{"embeddable":true,"href":"https:\/\/www.cft-group.com\/it\/wp-json\/wp\/v2\/users\/236"}],"replies":[{"embeddable":true,"href":"https:\/\/www.cft-group.com\/it\/wp-json\/wp\/v2\/comments?post=4194"}],"version-history":[{"count":1,"href":"https:\/\/www.cft-group.com\/it\/wp-json\/wp\/v2\/posts\/4194\/revisions"}],"predecessor-version":[{"id":5264,"href":"https:\/\/www.cft-group.com\/it\/wp-json\/wp\/v2\/posts\/4194\/revisions\/5264"}],"wp:featuredmedia":[{"embeddable":true,"href":"https:\/\/www.cft-group.com\/it\/wp-json\/wp\/v2\/media\/4193"}],"wp:attachment":[{"href":"https:\/\/www.cft-group.com\/it\/wp-json\/wp\/v2\/media?parent=4194"}],"wp:term":[{"taxonomy":"category","embeddable":true,"href":"https:\/\/www.cft-group.com\/it\/wp-json\/wp\/v2\/categories?post=4194"},{"taxonomy":"post_tag","embeddable":true,"href":"https:\/\/www.cft-group.com\/it\/wp-json\/wp\/v2\/tags?post=4194"}],"curies":[{"name":"wp","href":"https:\/\/api.w.org\/{rel}","templated":true}]}}